{"id":736,"date":"2015-04-01T22:21:40","date_gmt":"2015-04-02T01:21:40","guid":{"rendered":"http:\/\/2015.defensoriaformosa.gob.ar\/?p=736"},"modified":"2015-04-01T22:21:40","modified_gmt":"2015-04-02T01:21:40","slug":"los-beneficiarios-de-la-base-anses-cobran-el-subsidio-del-programa-hogar-del-15-al-20-de-abril-y-ya-se-trabaja-en-los-formularios-de-inscripcion-que-percibiran-sus-beneficio-con-retroactividad-al-1-de","status":"publish","type":"post","link":"https:\/\/defensoriaformosa.gob.ar\/?p=736","title":{"rendered":"LOS BENEFICIARIOS DE LA BASE ANSES COBRAN EL SUBSIDIO DEL PROGRAMA HOGAR DEL 15 AL 20 DE ABRIL Y YA SE TRABAJA EN LOS FORMULARIOS DE INSCRIPCI\u00d3N QUE PERCIBIRAN SUS BENEFICIO CON RETROACTIVIDAD AL 1 DE ABRIL DEL 2015"},"content":{"rendered":"<p style=\"text-align: justify;\"><strong>En el d\u00eda de ayer, se llevo a cabo en la sede de la Secretaria de Energ\u00eda de Naci\u00f3n, una extensa reuni\u00f3n de la que participaron representantes de organismos nacionales y provinciales.<\/strong><\/p>\n<p style=\"text-align: justify;\"><!--more--><\/p>\n<p style=\"text-align: justify;\">Estuvieron presente en la misma, el Sr. Secretario de Comercio Lic. Augusto Costa, la Se\u00f1ora Mariana Matranga Titular de la Secretaria de Energ\u00eda y el actual Director General del Programa Hogares con Garrafas, Sr. Nelson Sombra. Por Formosa participaron el Defensor del Pueblo Dr. Jos\u00e9 Leonardo Gialluca, el Dr. Julio Nestor Santander y el Sr. Subsecretario de Defensa al Usuario y Consumidor Sr. Lic. V\u00edctor Romea.<\/p>\n<p style=\"text-align: justify;\">Luego de las exposiciones, se intercambiaron una serie de posturas donde el Defensor del Pueblo de la Provincia de Formosa junto al Subsecretario de Desarrollo de los Servicios P\u00fablicos Ing. Pedro Miguel Martin por la Provincia de Buenos Aires, propusieron una pr\u00f3rroga para la entrada en vigencia de la nueva modalidad de subsidios para gas en garrafas, postura esta que no fue aceptada.<\/p>\n<p style=\"text-align: justify;\">En consecuencia y a fin de que la base de datos de los miles de beneficiarios, este lista en el menor tiempo material posible y de esa manera se depositen los subsidios a los distintos beneficiarios de hogares sin gas por red, esto es grupo familiares de hasta 2 sueldos m\u00ednimos vitales y m\u00f3viles, hogares, que posean un familiar discapacitado, con ingreso de hasta -3 SMVM-, a lo que se suman tambi\u00e9n las vivienda de uso social o comunitario \u201cque son todas aquellas que ven\u00edan y prosiguen otorgando beneficios sociales, como comedores comunitarios y que utilizan hasta 5 o 6 garrafas de 10 kg por mes, ser\u00e1n tambi\u00e9n subsidiadas al igual que los tubos de gas que se consuman en las distintas Casas de la Solidaridad u otros \u00e1mbitos con objetivos esencialmente sociales y\/o comunitarios.<\/p>\n<p style=\"text-align: justify;\">Se dejo en claro que los subsidios alcanzan a las garrafas de 10, 12, y 15 kg \u2013 quedando en estudio- un subsidio m\u00e1s adelante para la de 45 kg. Por otra parte, se otorgo a cada uno de los asistentes \u2013 el Formulario HOGAR- que posee dos (2) hojas y reviste car\u00e1cter de declaraci\u00f3n jurada y deber\u00e1 ser cumplimentado en letra de imprenta sin omitir, enmendar ni falsear ning\u00fan dato, quedando los infractores sujetos a las penalidades previstas en los art. 172, 292 y 298 del C\u00f3digo Penal para los delitos de Estafa y Falsificaci\u00f3n de Documento P\u00fablico. El ombudsman provincial aclaro que a todos los ciudadanos \u2013 consumidores se los inscribir\u00e1 en el programa, pero si otorgan datos inexactos en un plazo de 6 meses existe todo un procedimiento para dar de baja a cada uno de los que se encuentran irregularmente incluidos. Para el caso de los montos de SMVM, se tomara como ingreso, los del grupo familiar y a partir de all\u00ed podr\u00e1n o no ingresar.<\/p>\n<p style=\"text-align: justify;\">Todos los beneficiarios que se encuentran en la actual base de la Anses \u2013 delegaci\u00f3n Formosa, percibir\u00e1n el pago de los subsidios correspondientes entre el 15 al 20 de Abril y a partir del d\u00eda lunes, se podr\u00e1n realizar las inscripciones pertinentes en la Anses, Subsecretaria de Defensa del Usuario y Consumidor y la Defensor\u00eda del Pueblo; ya que se contara con el formulario digitalizado para que pasen a engrosar la base de datos de la provincia de Formosa. En lo que respecta a los municipios que tambi\u00e9n los contempla el Decreto N\u00b0470\/15 publicado en el bolet\u00edn oficial el d\u00eda 31\/03 \/15 se tiene previsto organizar una inmediata reuni\u00f3n con todos los titulares de los ejecutivos municipales y\/o quienes ellos designen y los presidentes de comisiones de fomento de toda la provincia, para articular la inscripci\u00f3n eficiente e inmediata de los beneficiarios para los consumidores que no ingresen al padr\u00f3n en forma autom\u00e1tica o inmediata, la Secretaria de Energ\u00eda \u201cles depositara los subsidios previstos en forma retroactiva\u201d.<\/p>\n<p style=\"text-align: justify;\">Se determino tambi\u00e9n que los precios m\u00e1ximos de referencias son; en el caso de gas butano para los productores por kilogramo, se estableci\u00f3 en $ 6,5 para los productores, con una compensaci\u00f3n de $5,50, a los fraccionadores en $39,30 y podr\u00e1n vender la garrafa de 10 kg en la planta Fraccionadora a los consumidores al valor de $48,60 m\u00e1s IVA y en esto, el costo final de la garrafa puede variar en funci\u00f3n de los impuestos provinciales, extremo este que no se da en nuestra provincia, el precio m\u00e1ximo de la distribuidora es de $ 78,50 y para los comerciantes de $ 87,80 m\u00e1s IVA, lo que da un total de $ 97. A propuesta de los representantes de Formosa se confeccionara un Formulario \u00fanico de denuncias \u201clo que permitir\u00e1 ser inflexibles con las distribuidoras y adem\u00e1s quedo comprometida la Secretaria de Energ\u00eda a reglamentar el precio o valor del cobro de la distribuci\u00f3n de Delibery, de continuar los abusos.<\/p>\n<p style=\"text-align: justify;\">Por \u00faltimo la Secretaria de Energ\u00eda Mariana Matranga, informo que en ning\u00fan caso los consumidores previstos, quedaran fuera del Programa Hogar y que no faltara gas envasado en las provincias del NEA, puesto que el Estado Nacional se ha reservado para este caso un 25 o 30 % de la producci\u00f3n de GLP y que ser\u00e1 destinado a cada estado provincial, municipal y \/o pueblo que tenga alg\u00fan inconveniente de abastecimiento y \/o donde los distribuidores, comerciantes o fraccionadores que ingresen a nuestra provincia, desde el Chaco no respeten los precios de referencia.<\/p>\n<figure id=\"attachment_737\" aria-describedby=\"caption-attachment-737\" style=\"width: 300px\" class=\"wp-caption aligncenter\"><img loading=\"lazy\" decoding=\"async\" class=\"wp-image-737\" src=\"https:\/\/2015.defensoriaformosa.gob.ar\/wp-content\/uploads\/2015\/04\/cid_DA4AABDDDE4F4B96B51E3F3BECDF5A97@1000vaPC.png\" alt=\"!cid_DA4AABDDDE4F4B96B51E3F3BECDF5A97@1000vaPC\" width=\"300\" height=\"300\" \/><figcaption id=\"caption-attachment-737\" class=\"wp-caption-text\">Dr. Jos\u00e9 Leonardo Gialluca con la Secretaria de Energ\u00eda Lic. Mariana Matranga<\/figcaption><\/figure>\n<p style=\"text-align: center;\">\n","protected":false},"excerpt":{"rendered":"<p>En el d\u00eda de ayer, se llevo a cabo en la sede de la Secretaria de Energ\u00eda de Naci\u00f3n, una extensa reuni\u00f3n de la que participaron representantes de organismos nacionales y provinciales.<\/p>\n","protected":false},"author":1,"featured_media":737,"comment_status":"closed","ping_status":"closed","sticky":false,"template":"","format":"standard","meta":{"footnotes":""},"categories":[1],"tags":[],"class_list":["post-736","post","type-post","status-publish","format-standard","has-post-thumbnail","hentry","category-noticias"],"_links":{"self":[{"href":"https:\/\/defensoriaformosa.gob.ar\/index.php?rest_route=\/wp\/v2\/posts\/736","targetHints":{"allow":["GET"]}}],"collection":[{"href":"https:\/\/defensoriaformosa.gob.ar\/index.php?rest_route=\/wp\/v2\/posts"}],"about":[{"href":"https:\/\/defensoriaformosa.gob.ar\/index.php?rest_route=\/wp\/v2\/types\/post"}],"author":[{"embeddable":true,"href":"https:\/\/defensoriaformosa.gob.ar\/index.php?rest_route=\/wp\/v2\/users\/1"}],"replies":[{"embeddable":true,"href":"https:\/\/defensoriaformosa.gob.ar\/index.php?rest_route=%2Fwp%2Fv2%2Fcomments&post=736"}],"version-history":[{"count":1,"href":"https:\/\/defensoriaformosa.gob.ar\/index.php?rest_route=\/wp\/v2\/posts\/736\/revisions"}],"predecessor-version":[{"id":738,"href":"https:\/\/defensoriaformosa.gob.ar\/index.php?rest_route=\/wp\/v2\/posts\/736\/revisions\/738"}],"wp:featuredmedia":[{"embeddable":true,"href":"https:\/\/defensoriaformosa.gob.ar\/index.php?rest_route=\/wp\/v2\/media\/737"}],"wp:attachment":[{"href":"https:\/\/defensoriaformosa.gob.ar\/index.php?rest_route=%2Fwp%2Fv2%2Fmedia&parent=736"}],"wp:term":[{"taxonomy":"category","embeddable":true,"href":"https:\/\/defensoriaformosa.gob.ar\/index.php?rest_route=%2Fwp%2Fv2%2Fcategories&post=736"},{"taxonomy":"post_tag","embeddable":true,"href":"https:\/\/defensoriaformosa.gob.ar\/index.php?rest_route=%2Fwp%2Fv2%2Ftags&post=736"}],"curies":[{"name":"wp","href":"https:\/\/api.w.org\/{rel}","templated":true}]}}