{"id":7350,"date":"2018-06-15T15:05:54","date_gmt":"2018-06-15T18:05:54","guid":{"rendered":"http:\/\/2015.defensoriaformosa.gob.ar\/?p=7350"},"modified":"2018-06-15T15:05:54","modified_gmt":"2018-06-15T18:05:54","slug":"reunion-en-la-defensoria-del-pueblo-con-vecinos-del-barrio-santa-rosa-a-los-fines-de-evitar-desalojos-y-obtener-regularizacion-de-sus-terrenos","status":"publish","type":"post","link":"https:\/\/defensoriaformosa.gob.ar\/?p=7350","title":{"rendered":"REUNION EN LA DEFENSORIA DEL PUEBLO CON VECINOS DEL BARRIO SANTA ROSA A LOS FINES DE EVITAR DESALOJOS Y OBTENER REGULARIZACION DE SUS TERRENOS"},"content":{"rendered":"<p><strong>Los vecinos del Barrio Santa Rosa del Lote Rural N\u00ba 43 ubicados a cuatro cuadras aproximadamente continuando la Av. Pantale\u00f3n G\u00f3mez, en la intersecci\u00f3n de la Av. Napole\u00f3n Uriburu, vienen siendo asesorados por la Defensoria del Pueblo con el objetivo de regularizar los terrenos donde varias familias se encuentran asentadas hace 20 a\u00f1os otras 10, y as\u00ed sucesivamente, destac\u00e1ndose la zona por ser muy baja y ello lleva a que la misma se inunde por agua de lluvia u otras circunstancias que las familias con el tiempo han ido realizando mejoras con sus esfuerzos y recursos propios evitando perder sus pocos bienes y vestimenta. <\/strong><\/p>\n<p><!--more--><\/p>\n<p>El Ombudsman Provincial, Jos\u00e9 Leonardo Gialluca, les agradeci\u00f3 la presencia a todas las familias que viven actualmente en la manzana 22 de este barrio y que se reunieron ayer en horas de la ma\u00f1ana en sede de la Defensoria del Pueblo. El funcionario provincial aclar\u00f3 a los mismos cual era su actual situaci\u00f3n en relaci\u00f3n al propietario de los terrenos y adem\u00e1s sobre la existencia, \u201cde un solo caso que se encuentra judicializado y con orden de desalojo, lo cual por ahora se encuentra suspendida y estamos trabajando con los abogados del propietario del terreno para acordar una salida a la dif\u00edcil situaci\u00f3n\u201d. Es de destacar que los jefes de los grupos familiares en su mayor\u00eda se tratan de trabajadores independientes, cuentapropistas, como alba\u00f1iles, electricistas, que no poseen ingresos mensuales fijos, pero sobresale la voluntad de abonar lo que corresponde y de acuerdo a sus posibilidades que van variando pues existen otros que si poseen una relaci\u00f3n laboral fija. De la reuni\u00f3n particip\u00f3 adem\u00e1s el Delegado de la Defensoria del Pueblo de Naci\u00f3n, Dr. Julio N. Santander, la Defensora Adjunta, Dra. Sylvina M. Portillo y la Secretaria General, Dra. Mariela C\u00e1ceres, brind\u00e1ndoles dichos funcionarios toda informaci\u00f3n recabada en relaci\u00f3n a los siguientes puntos: 1).- Situaci\u00f3n dominial de los inmuebles ubicados en la Mz 22 del LR 43, 2).- Posibles consecuencias legales y judiciales que puedan generarse en el supuesto de que no se regularice la situaci\u00f3n de las personas que habitan dichos inmuebles y 3).- Posibilidad de acuerdos con el propietario de los mismos, t\u00e9rminos de los contratos de compra venta a celebrarse, valor aproximado del metro cuadrado de la zona en cuesti\u00f3n y el control legal que se efect\u00faa desde la Defensor\u00eda del Pueblo en cada transacci\u00f3n. Luego de explicarse la totalidad de los aspectos, los vecinos manifestaron su deseo de llegar a un buen acuerdo con el Sr. Melian H\u00e9ctor Andr\u00e9s; para lo cual, ser\u00e1n evaluados todos los casos en particular. En la semana del 18 al 22 de junio se mantendran reuniones de id\u00e9ntico tenor con los vecinos de las manzanas 15, 14, 30 y 29, quienes ya han sido notificados de las mismas y con los cuales la Defensoria del Pueblo implementara esta misma herramienta de mediaci\u00f3n, de manera que todos los vecinos que ascienden a unas 80 familias regularicen el lugar donde est\u00e1n viviendo y de all\u00ed en mas encaminar con las autoridades provinciales y municipales mejoramientos que el barrio necesita y darles una mejor y mayor calidad de vida.<\/p>\n","protected":false},"excerpt":{"rendered":"<p>Los vecinos del Barrio Santa Rosa del Lote Rural N\u00ba 43 ubicados a cuatro cuadras aproximadamente continuando la Av. Pantale\u00f3n G\u00f3mez, en la intersecci\u00f3n de la Av. Napole\u00f3n Uriburu, vienen siendo asesorados por la Defensoria del Pueblo con el objetivo de regularizar los terrenos donde varias familias se encuentran asentadas hace 20 a\u00f1os otras 10, [&hellip;]<\/p>\n","protected":false},"author":1,"featured_media":7352,"comment_status":"closed","ping_status":"closed","sticky":false,"template":"","format":"standard","meta":{"footnotes":""},"categories":[1,6],"tags":[],"class_list":["post-7350","post","type-post","status-publish","format-standard","has-post-thumbnail","hentry","category-noticias","category-salud"],"_links":{"self":[{"href":"https:\/\/defensoriaformosa.gob.ar\/index.php?rest_route=\/wp\/v2\/posts\/7350","targetHints":{"allow":["GET"]}}],"collection":[{"href":"https:\/\/defensoriaformosa.gob.ar\/index.php?rest_route=\/wp\/v2\/posts"}],"about":[{"href":"https:\/\/defensoriaformosa.gob.ar\/index.php?rest_route=\/wp\/v2\/types\/post"}],"author":[{"embeddable":true,"href":"https:\/\/defensoriaformosa.gob.ar\/index.php?rest_route=\/wp\/v2\/users\/1"}],"replies":[{"embeddable":true,"href":"https:\/\/defensoriaformosa.gob.ar\/index.php?rest_route=%2Fwp%2Fv2%2Fcomments&post=7350"}],"version-history":[{"count":1,"href":"https:\/\/defensoriaformosa.gob.ar\/index.php?rest_route=\/wp\/v2\/posts\/7350\/revisions"}],"predecessor-version":[{"id":7353,"href":"https:\/\/defensoriaformosa.gob.ar\/index.php?rest_route=\/wp\/v2\/posts\/7350\/revisions\/7353"}],"wp:featuredmedia":[{"embeddable":true,"href":"https:\/\/defensoriaformosa.gob.ar\/index.php?rest_route=\/wp\/v2\/media\/7352"}],"wp:attachment":[{"href":"https:\/\/defensoriaformosa.gob.ar\/index.php?rest_route=%2Fwp%2Fv2%2Fmedia&parent=7350"}],"wp:term":[{"taxonomy":"category","embeddable":true,"href":"https:\/\/defensoriaformosa.gob.ar\/index.php?rest_route=%2Fwp%2Fv2%2Fcategories&post=7350"},{"taxonomy":"post_tag","embeddable":true,"href":"https:\/\/defensoriaformosa.gob.ar\/index.php?rest_route=%2Fwp%2Fv2%2Ftags&post=7350"}],"curies":[{"name":"wp","href":"https:\/\/api.w.org\/{rel}","templated":true}]}}