{"id":732,"date":"2015-04-01T16:01:41","date_gmt":"2015-04-01T19:01:41","guid":{"rendered":"http:\/\/2015.defensoriaformosa.gob.ar\/?p=732"},"modified":"2015-04-01T16:02:09","modified_gmt":"2015-04-01T19:02:09","slug":"la-defensoria-del-pueblo-destaca-la-permanente-reivindicacion-del-derecho-de-soberania-sobre-las-islas-malvinas","status":"publish","type":"post","link":"https:\/\/defensoriaformosa.gob.ar\/?p=732","title":{"rendered":"LA DEFENSORIA DEL PUEBLO DESTACA LA PERMANENTE REIVINDICACION DEL DERECHO DE SOBERANIA SOBRE LAS ISLAS MALVINAS"},"content":{"rendered":"<p style=\"text-align: left;\"><em><strong>DEBEN CONTINUARSE CON LOS RECLAMOS POR MEDIOS PACIFICOS Y DIPLOMATICOS ANTE LOS DISTINTOS FOROS INTERNACIONALES<\/strong><\/em><\/p>\n<p style=\"text-align: left;\"><!--more--><\/p>\n<p style=\"text-align: justify;\">Desde la &#8211;<strong>Direcci\u00f3n de Derechos Humanos y Grupos Minoritarios, Discriminaci\u00f3n, Xenofobia, Trata de Personas y Discapacidad<\/strong>-, de la Defensor\u00eda del Pueblo de la Provincia de Formosa, se refirieron a la conmemoraci\u00f3n del 33\u00ba aniversario del conflicto b\u00e9lico entre Gran Breta\u00f1a y la Rep\u00fablica Argentina en disputa de la soberan\u00eda sobre las Islas Malvinas, que se cumplir\u00e1 el 2 de abril del corriente a\u00f1o, como as\u00ed tambi\u00e9n al reconocimiento que se har\u00e1 en todo el Territorio Nacional a los excombatientes y a nuestros h\u00e9roes que pasaron a la inmortalidad defendiendo lo que hasta hoy, para los argentinos, sigue siendo un leg\u00edtimo derecho. En este contexto el Ombudsman provincial, Dr. Jos\u00e9 L. Gialluca, resalt\u00f3 la reivindicaci\u00f3n de nuestra soberan\u00eda sobre una porci\u00f3n de territorio usurpado por el colonialismo ingles y que ocasionara la \u201cgesta hist\u00f3rica de Malvinas\u201d en el a\u00f1o 1982, en la cual cientos de soldados provenientes de distintos puntos del pa\u00eds perdieron la vida, destacando los constantes reclamos que el Estado Nacional realiza ante los Organismos Internacionales, cumpliendo el mandato dispuesto en nuestra Carta Magna, de recuperar el ejercicio pleno de la soberan\u00eda sobre el territorio de las Islas Malvinas, Georgias y Sandwich del Sur y de los espacios mar\u00edtimos e insulares correspondientes, por integrar estos, el \u201cTerritorio Nacional\u201d. Rreafirmando de tal manera, nuestros derechos y bregando siempre por una soluci\u00f3n pac\u00edfica y diplom\u00e1tica dentro del marco de las normas internacionales, rechazando la militarizaci\u00f3n de las Islas Malvinas, por parte de los brit\u00e1nicos que cada vez va en aumento, situaci\u00f3n denunciada por Argentina ante la ONU, OEA, y Unasur.<\/p>\n<p style=\"text-align: justify;\">Por otro lado, adhiri\u00f3 al pedido de justicia permanente por los cr\u00edmenes de guerra cometidos por militares ingleses, debido a la crueldad, vejaciones y asesinatos sin sentido, de los que fueron v\u00edctimas numerosos soldados argentinos, como los registrados en Monte Longdon el 11 de junio de 1.982, seg\u00fan surge de los relatos de excombatiente vertidos en diversos libros, tales como el titulado \u201cGreen Eyed Boys\u201d, entre otros, a lo que se suman innumerables testimonios de compatriotas que presenciaron estos actos de salvajismo; excesos que transgreden la Convenci\u00f3n de Ginebra de 1.949 suscripto tanto por el Gobierno Argentino como por el Reino Unido, por lo que, ambos pa\u00edses est\u00e1n obligados a investigar estos delitos de \u201clesa humanidad\u201d, que violan los Derechos Humanos, los que son imprescriptibles.<\/p>\n<p style=\"text-align: justify;\">En este contexto, el Organismo de la Constituci\u00f3n, rinde homenaje a los \u201cveteranos de guerra\u201d, haciendo una especial menci\u00f3n a los hijos de esta tierra que participaron de la contienda b\u00e9lica y expresa su m\u00e1s sentido respetos a los familiares de los soldados formose\u00f1os ca\u00eddos en combate.<\/p>\n<p style=\"text-align: center;\"><a href=\"https:\/\/2015.defensoriaformosa.gob.ar\/wp-content\/uploads\/2015\/04\/2-de-abril.jpg\"><img loading=\"lazy\" decoding=\"async\" class=\"aligncenter size-full wp-image-733\" src=\"https:\/\/2015.defensoriaformosa.gob.ar\/wp-content\/uploads\/2015\/04\/2-de-abril.jpg\" alt=\"2 de abril\" width=\"450\" height=\"343\" srcset=\"https:\/\/defensoriaformosa.gob.ar\/wp-content\/uploads\/2015\/04\/2-de-abril.jpg 450w, https:\/\/defensoriaformosa.gob.ar\/wp-content\/uploads\/2015\/04\/2-de-abril-300x229.jpg 300w\" sizes=\"auto, (max-width: 450px) 100vw, 450px\" \/><\/a><\/p>\n<p style=\"text-align: center;\">\n","protected":false},"excerpt":{"rendered":"<p>DEBEN CONTINUARSE CON LOS RECLAMOS POR MEDIOS PACIFICOS Y DIPLOMATICOS ANTE LOS DISTINTOS FOROS INTERNACIONALES<\/p>\n","protected":false},"author":1,"featured_media":733,"comment_status":"closed","ping_status":"closed","sticky":false,"template":"","format":"standard","meta":{"footnotes":""},"categories":[4,1],"tags":[],"class_list":["post-732","post","type-post","status-publish","format-standard","has-post-thumbnail","hentry","category-ddhh","category-noticias"],"_links":{"self":[{"href":"https:\/\/defensoriaformosa.gob.ar\/index.php?rest_route=\/wp\/v2\/posts\/732","targetHints":{"allow":["GET"]}}],"collection":[{"href":"https:\/\/defensoriaformosa.gob.ar\/index.php?rest_route=\/wp\/v2\/posts"}],"about":[{"href":"https:\/\/defensoriaformosa.gob.ar\/index.php?rest_route=\/wp\/v2\/types\/post"}],"author":[{"embeddable":true,"href":"https:\/\/defensoriaformosa.gob.ar\/index.php?rest_route=\/wp\/v2\/users\/1"}],"replies":[{"embeddable":true,"href":"https:\/\/defensoriaformosa.gob.ar\/index.php?rest_route=%2Fwp%2Fv2%2Fcomments&post=732"}],"version-history":[{"count":2,"href":"https:\/\/defensoriaformosa.gob.ar\/index.php?rest_route=\/wp\/v2\/posts\/732\/revisions"}],"predecessor-version":[{"id":735,"href":"https:\/\/defensoriaformosa.gob.ar\/index.php?rest_route=\/wp\/v2\/posts\/732\/revisions\/735"}],"wp:featuredmedia":[{"embeddable":true,"href":"https:\/\/defensoriaformosa.gob.ar\/index.php?rest_route=\/wp\/v2\/media\/733"}],"wp:attachment":[{"href":"https:\/\/defensoriaformosa.gob.ar\/index.php?rest_route=%2Fwp%2Fv2%2Fmedia&parent=732"}],"wp:term":[{"taxonomy":"category","embeddable":true,"href":"https:\/\/defensoriaformosa.gob.ar\/index.php?rest_route=%2Fwp%2Fv2%2Fcategories&post=732"},{"taxonomy":"post_tag","embeddable":true,"href":"https:\/\/defensoriaformosa.gob.ar\/index.php?rest_route=%2Fwp%2Fv2%2Ftags&post=732"}],"curies":[{"name":"wp","href":"https:\/\/api.w.org\/{rel}","templated":true}]}}