{"id":7304,"date":"2018-06-06T16:18:30","date_gmt":"2018-06-06T19:18:30","guid":{"rendered":"http:\/\/2015.defensoriaformosa.gob.ar\/?p=7304"},"modified":"2018-06-06T16:18:30","modified_gmt":"2018-06-06T19:18:30","slug":"la-defensoria-del-pueblo-dejo-inaugurado-en-su-sede-un-totem-o-registro-de-huellas-dactilares-que-da-fe-de-vida-beneficiando-a-jubilados-y-pensionados","status":"publish","type":"post","link":"https:\/\/defensoriaformosa.gob.ar\/?p=7304","title":{"rendered":"LA DEFENSORIA DEL PUEBLO DEJO INAUGURADO EN SU SEDE UN \u201cTOTEM O REGISTRO DE HUELLAS DACTILARES\u201d QUE DA FE DE VIDA BENEFICIANDO A JUBILADOS Y PENSIONADOS"},"content":{"rendered":"<p><strong>&#8211; El Ombudsman Provincial se\u00f1alo que el cambio de la f\u00f3rmula de movilidad es constitucional pero no as\u00ed su aplicaci\u00f3n, la que debe ser siempre hacia adelante y no hacia atr\u00e1s, por lo cual el Gobierno Nacional tiene que pagarle la suba del 14,5 % a los jubilados y pensionados, pero seguramente apelar\u00e1 ante la Corte para hacerles perder tiempo e impedirles que cobren lo que la Justicia le esta ordenando al Ejecutivo Nacional-<\/strong><\/p>\n<p><!--more--><\/p>\n<p>En el d\u00eda de ayer con la presencia de jubilados y pensionados conjuntamente con el Titular de la Oficina de la Defensoria del Pueblo de la Naci\u00f3n en Formosa, Dr. Julio N\u00e9stor Santander y el Ombudsman Provincial, Dr. Jos\u00e9 Leonardo Gialluca, dejaron formalmente inaugurado \u201cun t\u00f3tem o control biom\u00e9trico en la sede del Organismo Provincial\u201d. Este registro de huellas dactilares podr\u00e1 ser utilizado en beneficio de cualquier jubilado o pensionado para que puedan acreditar supervivencia dentro de un plazo de 15, 30 o 60 d\u00edas y hasta tres d\u00edas antes de la fecha de cobro de los beneficios que cada uno de ellos tiene, dependiendo siempre de las distintas exigencias del Banco Pagador. De esta manera nuestras abuelas y abuelos podr\u00e1n certificar autom\u00e1ticamente la supervivencia y se encontraran habilitados para que los bancos le paguen. El Defensor del Pueblo a\u00f1adi\u00f3 que este esfuerzo que realiza la Instituci\u00f3n est\u00e1 pensado principalmente para que todos los adultos mayores, \u201ctengan una atenci\u00f3n personalizada y adem\u00e1s al mismo tiempo reciban todo tipo de asesoramiento jur\u00eddicos relacionados al sistema previsional nacional y provincial, por lo cual el trato digno y la contenci\u00f3n ser\u00e1n como siempre las caracter\u00edsticas de las atenciones a brindarse\u201d. Por otro lado mediante el t\u00f3tem habilitado no solamente acreditaran supervivencia mes a mes sino que tambi\u00e9n podr\u00e1n imprimir recibos de haberes y consultar las pr\u00f3ximas fechas de cobro. Se informo que los datos del registro de huellas, est\u00e1n encriptados y son propiedad exclusiva del ANSES, por lo cual ni los bancos, ni otras entidades podemos tener acceso a esa informaci\u00f3n que es absolutamente confidencial.<br \/>\nPor otra parte el Defensor del Pueblo se\u00f1alo que \u201cno puede ser que los jubilados financien a las empresas y al Gobierno Nacional\u201d y por esto resalto que la Justicia haya ordenado al Gobierno Nacional restituir un 9% sobre los haberes de jubilados y pensionados, en una medida que podr\u00eda extenderse al resto de los adultos mayores que est\u00e9n en la misma condici\u00f3n de la persona que inicio el juicio, pues se trata de un fallo de segunda instancia que sienta doctrina. Hemos denunciado en reiteradas oportunidades que el Gobierno Nacional y el Congreso no puede sancionar leyes retroactivas , hacia adelante se podr\u00eda aplicar la nueva f\u00f3rmula, pero no se puede aplicar en forma retroactiva porque la ley se sancion\u00f3 el 29 de diciembre de 2017, y la nueva f\u00f3rmula de 5,71 toma en cuenta la movilidad del per\u00edodo del tercer trimestre del 2017. Rescatamos que como es un fallo de segunda instancia sienta doctrina, al tiempo que criticamos la postura del Ejecutivo Nacional: puesto que el Gobierno de Mauricio Macri dijo vamos a hacer lo contrario del anterior gobierno, no vamos a apelar, pero ahora no solamente que ya se interpuso un recurso de queja y por ello el ANSES cree que no est\u00e1 firme sino que adem\u00e1s, as\u00ed como vetaron la reconsideraci\u00f3n de las tarifas de energ\u00eda electrica para que los usuarios pagaran una suma justa y razonable que vaya adem\u00e1s acompa\u00f1ando a la suba de los salarios, ahora tambi\u00e9n concurrir\u00e1n a la C.S.J.N con la \u00fanica finalidad de evitar que este pronunciamiento no quede firme dentro de los 30 d\u00edas y con ello continuar realizando, \u201clos ajustes sobre las franjas menos pudientes como son los jubilados y pensionados\u201d.<\/p>\n","protected":false},"excerpt":{"rendered":"<p>&#8211; El Ombudsman Provincial se\u00f1alo que el cambio de la f\u00f3rmula de movilidad es constitucional pero no as\u00ed su aplicaci\u00f3n, la que debe ser siempre hacia adelante y no hacia atr\u00e1s, por lo cual el Gobierno Nacional tiene que pagarle la suba del 14,5 % a los jubilados y pensionados, pero seguramente apelar\u00e1 ante la [&hellip;]<\/p>\n","protected":false},"author":1,"featured_media":7305,"comment_status":"closed","ping_status":"closed","sticky":false,"template":"","format":"standard","meta":{"footnotes":""},"categories":[1,3],"tags":[],"class_list":["post-7304","post","type-post","status-publish","format-standard","has-post-thumbnail","hentry","category-noticias","category-defensa-de-los-derechos-del-usuario-consumidor-contribuyentes"],"_links":{"self":[{"href":"https:\/\/defensoriaformosa.gob.ar\/index.php?rest_route=\/wp\/v2\/posts\/7304","targetHints":{"allow":["GET"]}}],"collection":[{"href":"https:\/\/defensoriaformosa.gob.ar\/index.php?rest_route=\/wp\/v2\/posts"}],"about":[{"href":"https:\/\/defensoriaformosa.gob.ar\/index.php?rest_route=\/wp\/v2\/types\/post"}],"author":[{"embeddable":true,"href":"https:\/\/defensoriaformosa.gob.ar\/index.php?rest_route=\/wp\/v2\/users\/1"}],"replies":[{"embeddable":true,"href":"https:\/\/defensoriaformosa.gob.ar\/index.php?rest_route=%2Fwp%2Fv2%2Fcomments&post=7304"}],"version-history":[{"count":1,"href":"https:\/\/defensoriaformosa.gob.ar\/index.php?rest_route=\/wp\/v2\/posts\/7304\/revisions"}],"predecessor-version":[{"id":7306,"href":"https:\/\/defensoriaformosa.gob.ar\/index.php?rest_route=\/wp\/v2\/posts\/7304\/revisions\/7306"}],"wp:featuredmedia":[{"embeddable":true,"href":"https:\/\/defensoriaformosa.gob.ar\/index.php?rest_route=\/wp\/v2\/media\/7305"}],"wp:attachment":[{"href":"https:\/\/defensoriaformosa.gob.ar\/index.php?rest_route=%2Fwp%2Fv2%2Fmedia&parent=7304"}],"wp:term":[{"taxonomy":"category","embeddable":true,"href":"https:\/\/defensoriaformosa.gob.ar\/index.php?rest_route=%2Fwp%2Fv2%2Fcategories&post=7304"},{"taxonomy":"post_tag","embeddable":true,"href":"https:\/\/defensoriaformosa.gob.ar\/index.php?rest_route=%2Fwp%2Fv2%2Ftags&post=7304"}],"curies":[{"name":"wp","href":"https:\/\/api.w.org\/{rel}","templated":true}]}}