{"id":7294,"date":"2018-06-05T20:59:33","date_gmt":"2018-06-05T23:59:33","guid":{"rendered":"http:\/\/2015.defensoriaformosa.gob.ar\/?p=7294"},"modified":"2018-06-05T20:59:33","modified_gmt":"2018-06-05T23:59:33","slug":"la-defensoria-del-pueblo-pidio-sanciones-educativas-para-la-maestra-que-cometio-bullying-contra-un-alumno-porque-es-gordito-morochito-y-aborigen","status":"publish","type":"post","link":"https:\/\/defensoriaformosa.gob.ar\/?p=7294","title":{"rendered":"LA DEFENSORIA DEL PUEBLO PIDIO SANCIONES EDUCATIVAS PARA LA MAESTRA QUE COMETIO BULLYING CONTRA UN ALUMNO PORQUE ES \u201cGORDITO, MOROCHITO Y ABORIGEN\u201d"},"content":{"rendered":"<p><strong>El bullying implica \u00abconsumir\u00bb a otro. El vocablo, de origen anglosaj\u00f3n, define el comportamiento de quien maltrata, humilla y agrede f\u00edsica o psicol\u00f3gicamente a otro.<\/strong><\/p>\n<p><!--more--><\/p>\n<p>En las aulas, un alumno -con el consentimiento del grupo- ridiculiza, ignora, atemoriza y a\u00edsla sistem\u00e1ticamente a un compa\u00f1ero. \u00bfPero qu\u00e9 pasa cu\u00e1ndo lo comete una maestra o profesor?. La educaci\u00f3n formal ofrece a los docentes el lugar asegurado por la situaci\u00f3n en que los alumnos deben cursar por obligaci\u00f3n y aprobar sus materias. Tambi\u00e9n la verticalidad de las aulas en que los estudiantes ofrecen su silencio y su presencia, a quienes les est\u00e1n ense\u00f1ando. \u00bfEl maestro y el profesor son conscientes de que con el maltrato llegan brutalmente a esas miradas, a esa mentes y a esos corazones? \u00bfEl bullying del docente es menos visible en la sociedad?. El Ombudsman Provincial, Jos\u00e9 Leonardo Gialluca, considero que el bullying del docente hacia los alumnos s\u00ed es menos visible, pero mucho m\u00e1s violento y obviamente lo \u00fanico que se puede esperar de ese alumno, es que no tenga m\u00e1s ganas de ir, no a esa escuela, sino a ninguna. Los chicos est\u00e1n dando sus primeros pasos en la vida y saben que el docente es la persona que los va a ayudar, formar y educar. Si el docente los trata de mala manera est\u00e1 destruyendo la imagen que tienen de los educadores en general. \u00bfQu\u00e9 mensaje le queda al grupo que asiste a esta situaci\u00f3n? \u00bfQu\u00e9 hacer bullying a alguien est\u00e1 bien? Esto es lo que ha sucedido en la Escuela N\u00ba 362 del B\u00ba Julio Romero de la Localidad de San Martin II. Por ello el Organismo de la Constituci\u00f3n en relaci\u00f3n a la situaci\u00f3n denunciada por la Sra. Roxana Almir\u00f3n, quien manifest\u00f3 que su hijo de 10 a\u00f1os es maltratado por una \u201cmaestra\u201d de la Escuela N\u00ba 362 y donde expuso que son reiteradas las agresiones f\u00edsicas, verbales y discriminaciones que sufre su hijo por parte de la docente de 6to grado, \u201cella lo agrede y lo discrimina porque es gordito y morochito\u201d, le dice \u201ctenes que ir a trabajar en la Escuela de tu abuelo con los abor\u00edgenes\u201d; y a pesar de que se dialog\u00f3 con la directora de la Instituci\u00f3n escolar obtuvo como respuesta \u201cno puedo hacer nada al respecto\u201d. Asimismo, el Delegado Zonal Sr. Basilio Mastori tampoco le brindo soluciones. Frente a ello radic\u00f3 la denuncia de los hechos ante la Polic\u00eda local a lo que el Delegado le expreso que primero se ten\u00eda que enterar del caso y la habr\u00eda echado del lugar. A partir de todos estos acontecimientos, el Organismo de la Constituci\u00f3n, procedi\u00f3 a remitir las Actuaciones correspondientes a la Encargada y\/o Responsable del Se.T.I.C. &#8211; Servicio T\u00e9cnico Interdisciplinario Central &#8211; y al Se\u00f1or Ministerio de Cultura y Educaci\u00f3n de la Provincia Dr. Alberto Marcelo Zorrilla-. Inmediatamente, la Dra. Trinidad Mar\u00eda Alejandra, -Asesora Letrada de la Defensoria del Pueblo-, adem\u00e1s se comunic\u00f3 telef\u00f3nicamente con personal de Se.T.I.C. m\u00e1s precisamente con la Psicopedagoga. Sra. Copponi Valeria, quien brindo un informe del estado de las actuaciones realizadas en relaci\u00f3n al caso del menor, v\u00edctima de Bullying por parte de la docente. Seguidamente el d\u00eda 04 de junio del corriente a\u00f1o detall\u00f3 que ya han actuado, realizando tareas preliminares, obteniendo comunicaci\u00f3n directa con el psicopedagogo, Sr. Fernando Palacios de la Escuela Especial Nro. 10 \u201cUn Lugar Para Crecer\u201d, quien fue el primer intermediario en la cuesti\u00f3n tomando intervenci\u00f3n ya que es el \u00fanico contacto directo con el Se.T.I.C. en la Localidad antes mencionada. Asimismo, se solicit\u00f3 a la responsable de dicha dependencia un Informe Posterior sobre los avances del caso a fin de llevar una soluci\u00f3n a la misma. En el d\u00eda de hoy, en una nueva comunicaci\u00f3n con la Psicopedagoga Copponi, inform\u00f3 que se dar\u00e1 apertura de expediente, y para el d\u00eda mi\u00e9rcoles 06 de junio, una Delegaci\u00f3n del Se.T.I.C., ubicados en la Localidad de G\u00fcemes se trasladar\u00e1n a San Martin II con el prop\u00f3sito de llevar adelante las audiencias o entrevistas tanto con la madre, abuela del menor, as\u00ed como con el alumno, docente involucrada, directivos, Delegado Zonal y otros. Desde el Organismo de la Constituci\u00f3n se destac\u00f3 esta acci\u00f3n pues lo primero que hay que hacer ante un caso de bullying es trabajar para que la situaci\u00f3n de violencia no se repita y es fundamental que se sancione al agresor pero con una \u201csanci\u00f3n educativa\u201d que le sirva para que modifique su conducta y tambi\u00e9n trabajar en todo el establecimiento escolar, pues debemos llegar al d\u00eda en que dentro de varios a\u00f1os el bullying mediante un profundo cambio cultural sea erradicado, como logr\u00f3 nuestra sociedad no embromar ni discriminar a las personas discapacitadas, las cuales hoy son valoradas por toda la comunidad, \u201cy a nadie se le ocurrir\u00eda ridiculizarlos en una entidad p\u00fablica o privada\u201d.<\/p>\n","protected":false},"excerpt":{"rendered":"<p>El bullying implica \u00abconsumir\u00bb a otro. El vocablo, de origen anglosaj\u00f3n, define el comportamiento de quien maltrata, humilla y agrede f\u00edsica o psicol\u00f3gicamente a otro.<\/p>\n","protected":false},"author":1,"featured_media":7295,"comment_status":"closed","ping_status":"closed","sticky":false,"template":"","format":"standard","meta":{"footnotes":""},"categories":[4,1],"tags":[],"class_list":["post-7294","post","type-post","status-publish","format-standard","has-post-thumbnail","hentry","category-ddhh","category-noticias"],"_links":{"self":[{"href":"https:\/\/defensoriaformosa.gob.ar\/index.php?rest_route=\/wp\/v2\/posts\/7294","targetHints":{"allow":["GET"]}}],"collection":[{"href":"https:\/\/defensoriaformosa.gob.ar\/index.php?rest_route=\/wp\/v2\/posts"}],"about":[{"href":"https:\/\/defensoriaformosa.gob.ar\/index.php?rest_route=\/wp\/v2\/types\/post"}],"author":[{"embeddable":true,"href":"https:\/\/defensoriaformosa.gob.ar\/index.php?rest_route=\/wp\/v2\/users\/1"}],"replies":[{"embeddable":true,"href":"https:\/\/defensoriaformosa.gob.ar\/index.php?rest_route=%2Fwp%2Fv2%2Fcomments&post=7294"}],"version-history":[{"count":1,"href":"https:\/\/defensoriaformosa.gob.ar\/index.php?rest_route=\/wp\/v2\/posts\/7294\/revisions"}],"predecessor-version":[{"id":7296,"href":"https:\/\/defensoriaformosa.gob.ar\/index.php?rest_route=\/wp\/v2\/posts\/7294\/revisions\/7296"}],"wp:featuredmedia":[{"embeddable":true,"href":"https:\/\/defensoriaformosa.gob.ar\/index.php?rest_route=\/wp\/v2\/media\/7295"}],"wp:attachment":[{"href":"https:\/\/defensoriaformosa.gob.ar\/index.php?rest_route=%2Fwp%2Fv2%2Fmedia&parent=7294"}],"wp:term":[{"taxonomy":"category","embeddable":true,"href":"https:\/\/defensoriaformosa.gob.ar\/index.php?rest_route=%2Fwp%2Fv2%2Fcategories&post=7294"},{"taxonomy":"post_tag","embeddable":true,"href":"https:\/\/defensoriaformosa.gob.ar\/index.php?rest_route=%2Fwp%2Fv2%2Ftags&post=7294"}],"curies":[{"name":"wp","href":"https:\/\/api.w.org\/{rel}","templated":true}]}}