{"id":7291,"date":"2018-06-04T16:27:20","date_gmt":"2018-06-04T19:27:20","guid":{"rendered":"http:\/\/2015.defensoriaformosa.gob.ar\/?p=7291"},"modified":"2018-06-04T16:27:20","modified_gmt":"2018-06-04T19:27:20","slug":"se-asesora-y-contiene-a-ciudadana-que-reclama-por-su-hija-que-se-encuentra-internada-en-un-centro-de-salud-fuera-de-la-provincia","status":"publish","type":"post","link":"https:\/\/defensoriaformosa.gob.ar\/?p=7291","title":{"rendered":"SE ASESORA Y CONTIENE A CIUDADANA QUE RECLAMA POR SU HIJA QUE SE ENCUENTRA INTERNADA EN UN CENTRO DE SALUD FUERA DE LA PROVINCIA"},"content":{"rendered":"<p><strong>En horas del mediod\u00eda de ayer, una ciudadana portando un cartel, \u201cJusticia por mi hija Antonella Franco\u201d se ubic\u00f3 en la intersecci\u00f3n de las calles Belgrano y Jos\u00e9 Maria Uriburu de nuestra ciudad, por lo cual desde la \u2013 Direcci\u00f3n de Derechos Humanos y Grupos Minoritarios, Discriminaci\u00f3n, Xenofobia, Trata de Personas, Discapacidad- de la Defensoria del Pueblo de la Provincia de Formosa, a trav\u00e9s de la presencia de la Secretaria General Dra. Mariela C\u00e1ceres, conjuntamente con la Dra. Maria Eugenia Pereyra, la asistieron en la v\u00eda publica con el objetivo de asesorarla legalmente y obtener respuestas satisfactorias a sus demandas. <\/strong><\/p>\n<p><!--more--><\/p>\n<p>De ello surgi\u00f3 que la ciudadana en cuesti\u00f3n se trata de la Sra. Silvia Concepci\u00f3n Franco, Titular del D.N.I. N\u00ba 29.929.156, quien se encuentra pidiendo \u201cJusticia para Antonella\u201d , quien es madre de la menor Antonella Franco, de 15 a\u00f1os de edad, la cual se encuentra institucionalizada en el Hogar de Ni\u00f1as, dependiente del Ministerio de la Comunidad, y debido a una patolog\u00eda psiqui\u00e1trica fue internada en la Cl\u00ednica San Gabriel, en la Ciudad de Resistencia-Provincia del Chaco. Aparentemente la paciente estar\u00eda en condiciones m\u00e9dicas de obtener un egreso progresivo, con la necesidad de un control y estricto seguimiento de su cuadro, para lo cual deber\u00eda concurrir a un Hospital o Centro de D\u00eda. En la actualidad ante el Juzgado de Menores de la Primera Circunscripci\u00f3n Judicial, a cargo por Subrogaci\u00f3n del Dr. Rub\u00e9n Spesot se encuentra tramitando una \u201cHomologaci\u00f3n de Medidas Excepcionales\u201d, habi\u00e9ndose requerido en esas actuaciones judiciales, a instancias de la Subsecretaria de Ni\u00f1ez Adolescencia y Familia, a cargo de la Dra. Graciela Parola, se ordene un examen interdisciplinario para determinar si la madre Sra. Franco est\u00e1 en condiciones de afrontar el cuidado personal de su hija Antonella. La medida requerida por la Dra. Parola a la Magistratura interviniente, obedece a que la Sra. Franco no se encontrar\u00eda en principio, en condiciones de hacerse cargo del cuidado de su hija menor enferma, seg\u00fan entiende esa \u00c1rea Administrativa, en virtud de los antecedentes existentes; ya que conforme lo informado a la Defensoria del Pueblo por parte de la funcionaria antes citada, se tratar\u00eda de una persona sin domicilio fijo, que deambula de una provincia a otra, madre de ocho (8) hijos, abandonados o criados algunos de ellos por el padre y en la actualidad estar\u00eda exigiendo la construcci\u00f3n de una casa en la Provincia de Corrientes, m\u00e1s precisamente en Curuz\u00fa Cuati\u00e1 para ir a vivir con la menor Antonella. Se nos ilustro adem\u00e1s que un hijo tambi\u00e9n menor de la citada se encuentra al cuidado y protecci\u00f3n de la Sra. Y.B domiciliada en calle Maip\u00fa al 1.000 de esta Ciudad, siendo asistida con ayudas diversas en forma semanal por la Subsecretaria de Ni\u00f1ez y Adolescencia y Familia. El Ombudsman Provincial, Jos\u00e9 Leonardo Gialluca, informo que tomaremos contacto con la causa judicial en tramite y \u201cle informaremos adecuadamente a esta persona, pues es lo que nos ha solicitado y adem\u00e1s en este contexto conjuntamente con la Subsecretaria de Ni\u00f1ez, Adolescencia y Familia, los funcionarios judiciales intervinientes, se buscara en primer lugar la protecci\u00f3n total ps\u00edquica y f\u00edsica de la menor, como as\u00ed tambi\u00e9n de todas las necesidades que en la actualidad posee la madre, en una situaci\u00f3n altamente compleja y delicada por todo lo antes descripto\u201d.<\/p>\n","protected":false},"excerpt":{"rendered":"<p>En horas del mediod\u00eda de ayer, una ciudadana portando un cartel, \u201cJusticia por mi hija Antonella Franco\u201d se ubic\u00f3 en la intersecci\u00f3n de las calles Belgrano y Jos\u00e9 Maria Uriburu de nuestra ciudad, por lo cual desde la \u2013 Direcci\u00f3n de Derechos Humanos y Grupos Minoritarios, Discriminaci\u00f3n, Xenofobia, Trata de Personas, Discapacidad- de la Defensoria [&hellip;]<\/p>\n","protected":false},"author":1,"featured_media":7292,"comment_status":"closed","ping_status":"closed","sticky":false,"template":"","format":"standard","meta":{"footnotes":""},"categories":[1],"tags":[],"class_list":["post-7291","post","type-post","status-publish","format-standard","has-post-thumbnail","hentry","category-noticias"],"_links":{"self":[{"href":"https:\/\/defensoriaformosa.gob.ar\/index.php?rest_route=\/wp\/v2\/posts\/7291","targetHints":{"allow":["GET"]}}],"collection":[{"href":"https:\/\/defensoriaformosa.gob.ar\/index.php?rest_route=\/wp\/v2\/posts"}],"about":[{"href":"https:\/\/defensoriaformosa.gob.ar\/index.php?rest_route=\/wp\/v2\/types\/post"}],"author":[{"embeddable":true,"href":"https:\/\/defensoriaformosa.gob.ar\/index.php?rest_route=\/wp\/v2\/users\/1"}],"replies":[{"embeddable":true,"href":"https:\/\/defensoriaformosa.gob.ar\/index.php?rest_route=%2Fwp%2Fv2%2Fcomments&post=7291"}],"version-history":[{"count":1,"href":"https:\/\/defensoriaformosa.gob.ar\/index.php?rest_route=\/wp\/v2\/posts\/7291\/revisions"}],"predecessor-version":[{"id":7293,"href":"https:\/\/defensoriaformosa.gob.ar\/index.php?rest_route=\/wp\/v2\/posts\/7291\/revisions\/7293"}],"wp:featuredmedia":[{"embeddable":true,"href":"https:\/\/defensoriaformosa.gob.ar\/index.php?rest_route=\/wp\/v2\/media\/7292"}],"wp:attachment":[{"href":"https:\/\/defensoriaformosa.gob.ar\/index.php?rest_route=%2Fwp%2Fv2%2Fmedia&parent=7291"}],"wp:term":[{"taxonomy":"category","embeddable":true,"href":"https:\/\/defensoriaformosa.gob.ar\/index.php?rest_route=%2Fwp%2Fv2%2Fcategories&post=7291"},{"taxonomy":"post_tag","embeddable":true,"href":"https:\/\/defensoriaformosa.gob.ar\/index.php?rest_route=%2Fwp%2Fv2%2Ftags&post=7291"}],"curies":[{"name":"wp","href":"https:\/\/api.w.org\/{rel}","templated":true}]}}