{"id":7285,"date":"2018-06-03T21:13:42","date_gmt":"2018-06-04T00:13:42","guid":{"rendered":"http:\/\/2015.defensoriaformosa.gob.ar\/?p=7285"},"modified":"2018-06-03T21:13:42","modified_gmt":"2018-06-04T00:13:42","slug":"el-se-t-i-c-y-la-defensoria-del-pueblo-intervinieron-en-caso-de-bullying-en-colegio-secundario-de-capital","status":"publish","type":"post","link":"https:\/\/defensoriaformosa.gob.ar\/?p=7285","title":{"rendered":"EL Se.T.I.C Y LA DEFENSORIA DEL PUEBLO INTERVINIERON EN CASO DE BULLYING EN COLEGIO SECUNDARIO DE CAPITAL"},"content":{"rendered":"<p><strong>Ante la denuncia p\u00fablica realizada por parte de una madre en cuanto a un caso de bullying, que estaba sufriendo su hijo, quien concurre al \u201cColegio Secundario EPES N\u00ba 67 Emilio Puchini\u201d, y dado el pedido a las Autoridades P\u00fablicas para que cesara o se neutralizara la traum\u00e1tica situaci\u00f3n, desde la Defensor\u00eda del Pueblo de la Provincia y m\u00e1s precisamente desde los autos caratulados: \u201cDefensoria del pueblo de la provincia de Formosa Actuaci\u00f3n de oficio s\/ Investigaci\u00f3n por acoso escolar \u2013 \u201cbullying\u201d en escuelas y colegios en la provincia de Formosa\u201d, Expte. N\u00ba 282 \u2013 letra \u201cd\u201d \u2013 a\u00f1o 2013, se contact\u00f3 inmediatamente con la Titular de Servicio T\u00e9cnico Interdisciplinario Central (Se.T.I.C.) dependiente del Ministerio de Cultura y Educaci\u00f3n, a cargo de la Lic. en Trabajo Social Romina L\u00f3pez, quien brind\u00f3 informaciones sobre las medidas realizadas con relaci\u00f3n al caso del menor, v\u00edctima de Bullying en el Colegio Secundario \u201cEPES N.\u00ba 67 &#8211; EMILIO PUCHINI\u201d, donde cursa sus estudios. As\u00ed se pudo determinar que ya se avanz\u00f3 en el encuentro con el Director del Establecimiento Sr. Basilio Silva, igualmente se inici\u00f3 una reuni\u00f3n en conjunto con la Direcci\u00f3n de Educaci\u00f3n Secundaria y el Se.T.I.C. con el objeto de que se inicie en el menor tiempo posible un trabajo con los docentes y materializarlo con los alumnos, resalt\u00e1ndose que la Instituci\u00f3n pueda en casos como los puestos en conocimiento, trabajar hacia dentro con los mayores pues como menciono la Licenciada \u201chay l\u00edneas que hay que sostener y la \u00fanica forma de concretarlo es ser coherentes en los discurso, en sus l\u00edmites y en las formas de establecer normas\u201d. <\/strong><\/p>\n<p><!--more--><\/p>\n<p>Es por ello que dentro del Sistema Educativo existe un documento que es el que rige como Normatizador dentro de las Escuelas Secundarias que se denomina \u201cAcuerdos Escolares de Convivencia\u201d. Actualmente dicha Instituci\u00f3n est\u00e1 en proceso de elaboraci\u00f3n de ese documento, que funciona o habilita la sanci\u00f3n y prevenci\u00f3n de los climas escolares que se vayan presentando basados en valores concretos como por ejemplo una escuela solidaria, comprometida y respetuosa. Dicho proceso se realizar\u00e1 dentro de un \u00e1mbito de participaci\u00f3n integral entre docentes, no docentes, padres y alumnos, de la cual estas normas regir\u00e1n en un futuro dentro de esa Instituci\u00f3n espec\u00edficamente. La EPES 67 \u201cEmilio Puchini\u201d, se encuentran en activa formaci\u00f3n de dicho proceso que servir\u00e1 para prevenir futuras situaciones o de tratar de resolver dentro del \u00e1mbito correspondiente cuando surjan cuestiones c\u00f3mo las que se presentaron ahora con el caso de Bullying al menor y en otros m\u00e1s que se detectaron en el mismo \u00e1mbito. No obstante a\u00fan no se pudo concretar ni ponerlo en pr\u00e1ctica, es por ello que ya se impulsaron reuniones urgentes con el prop\u00f3sito de resolver casos similares. Respecto del caso espec\u00edfico denunciado, en el d\u00eda de ayer, se realiz\u00f3 en horas de la tarde el encuentro con la madre del menor damnificado, notific\u00e1ndole cual ser\u00eda la modalidad de trabajo, asimismo se le manifest\u00f3 cual ser\u00eda la orientaci\u00f3n del mismo y que se estar\u00e1 en contacto en la semana sobre los planteamientos de futuras acciones a fin de que tenga una participaci\u00f3n activa en el caso. Del mismo modo se perfeccion\u00f3 la entrevista con \u00e9l adolescente, que ya se encuentra recibiendo de forma particular atenci\u00f3n psicopedag\u00f3gica, por lo cual desde el Organismo de la Constituci\u00f3n, se resalt\u00f3 el actuar del Se.T.I.C. y de los profesionales que vuelcan en todos estos casos de \u201cbullying\u201d sus conocimientos y pautas necesarias de manera que se proteja no solamente a la v\u00edctima y a su entorno familiar, sino que al mismo tiempo se origine conciencia colectiva en el establecimiento donde se produjo, poni\u00e9ndose acento en el grupo espec\u00edfico, pues la \u00fanica manera de neutralizar las agresiones, cualquiera sean las mismas o sus or\u00edgenes debe darse con posturas coherentes y normas claras que recreen la conciencia general para evitar la producci\u00f3n del mismo. De all\u00ed es que de ahora en adelante la Defensoria del Pueblo conjuntamente con el Se.T.I.C acordaron intervenir activamente y con acciones tambi\u00e9n preventivas en todos los establecimientos educativos de la provincia.<\/p>\n","protected":false},"excerpt":{"rendered":"<p>Ante la denuncia p\u00fablica realizada por parte de una madre en cuanto a un caso de bullying, que estaba sufriendo su hijo, quien concurre al \u201cColegio Secundario EPES N\u00ba 67 Emilio Puchini\u201d, y dado el pedido a las Autoridades P\u00fablicas para que cesara o se neutralizara la traum\u00e1tica situaci\u00f3n, desde la Defensor\u00eda del Pueblo de [&hellip;]<\/p>\n","protected":false},"author":1,"featured_media":7286,"comment_status":"closed","ping_status":"closed","sticky":false,"template":"","format":"standard","meta":{"footnotes":""},"categories":[4],"tags":[],"class_list":["post-7285","post","type-post","status-publish","format-standard","has-post-thumbnail","hentry","category-ddhh"],"_links":{"self":[{"href":"https:\/\/defensoriaformosa.gob.ar\/index.php?rest_route=\/wp\/v2\/posts\/7285","targetHints":{"allow":["GET"]}}],"collection":[{"href":"https:\/\/defensoriaformosa.gob.ar\/index.php?rest_route=\/wp\/v2\/posts"}],"about":[{"href":"https:\/\/defensoriaformosa.gob.ar\/index.php?rest_route=\/wp\/v2\/types\/post"}],"author":[{"embeddable":true,"href":"https:\/\/defensoriaformosa.gob.ar\/index.php?rest_route=\/wp\/v2\/users\/1"}],"replies":[{"embeddable":true,"href":"https:\/\/defensoriaformosa.gob.ar\/index.php?rest_route=%2Fwp%2Fv2%2Fcomments&post=7285"}],"version-history":[{"count":1,"href":"https:\/\/defensoriaformosa.gob.ar\/index.php?rest_route=\/wp\/v2\/posts\/7285\/revisions"}],"predecessor-version":[{"id":7287,"href":"https:\/\/defensoriaformosa.gob.ar\/index.php?rest_route=\/wp\/v2\/posts\/7285\/revisions\/7287"}],"wp:featuredmedia":[{"embeddable":true,"href":"https:\/\/defensoriaformosa.gob.ar\/index.php?rest_route=\/wp\/v2\/media\/7286"}],"wp:attachment":[{"href":"https:\/\/defensoriaformosa.gob.ar\/index.php?rest_route=%2Fwp%2Fv2%2Fmedia&parent=7285"}],"wp:term":[{"taxonomy":"category","embeddable":true,"href":"https:\/\/defensoriaformosa.gob.ar\/index.php?rest_route=%2Fwp%2Fv2%2Fcategories&post=7285"},{"taxonomy":"post_tag","embeddable":true,"href":"https:\/\/defensoriaformosa.gob.ar\/index.php?rest_route=%2Fwp%2Fv2%2Ftags&post=7285"}],"curies":[{"name":"wp","href":"https:\/\/api.w.org\/{rel}","templated":true}]}}