{"id":7282,"date":"2018-06-02T15:08:24","date_gmt":"2018-06-02T18:08:24","guid":{"rendered":"http:\/\/2015.defensoriaformosa.gob.ar\/?p=7282"},"modified":"2018-06-02T15:08:24","modified_gmt":"2018-06-02T18:08:24","slug":"para-la-defensoria-del-pueblo-pretender-legalizar-el-aborto-en-base-a-la-autonomia-y-la-decision-de-las-mujeres-sobre-su-cuerpo-posee-fuertes-limitaciones-que-no-han-sido-consideradas-y-nadie-las-men","status":"publish","type":"post","link":"https:\/\/defensoriaformosa.gob.ar\/?p=7282","title":{"rendered":"PARA LA DEFENSORIA DEL PUEBLO PRETENDER LEGALIZAR EL ABORTO EN BASE A LA AUTONOMIA Y LA DECISI\u00d3N DE LAS MUJERES SOBRE SU CUERPO, POSEE FUERTES LIMITACIONES QUE NO HAN SIDO CONSIDERADAS Y NADIE LAS MENCIONA"},"content":{"rendered":"<p><strong>Para introducirnos en el tema del aborto debemos antes interrogarnos, cual es el fin de una legislaci\u00f3n que despenalice el mismo. <\/strong><\/p>\n<p><!--more--><\/p>\n<p>Hemos escuchado en defensa de la despenalizaci\u00f3n el concepto de autonom\u00eda y libertad de la mujer respecto a su propio cuerpo, como as\u00ed tambi\u00e9n la diferencia de servicios disponibles sean estas de menores o mayores recursos con la posibilidad de acceder \u2013debido a la falta de servicios \u2013 a una muerte segura para las primeras. Por otro parte hemos escuchado hablar de embri\u00f3n y feto, cuestionarnos cuando comienza la vida humana , si el embri\u00f3n o feto es sujeto de derechos o no. Ante ello surge \u201cprima facie\u201d la primera afirmaci\u00f3n, el feto es un sujeto de derechos. Si no lo fuera, el tema del aborto ni siquiera ser\u00eda un tema en discusi\u00f3n, pues ser\u00eda extra\u00eddo del cuerpo de la mujer como un organismo extra\u00f1o a ella aut\u00f3nomo o no, respecto al cual el mundo jur\u00eddico carece de inter\u00e9s. La segunda cuesti\u00f3n a analizar es que el embri\u00f3n a partir de la 8 semana se denomina feto, es considerado vida a los fines de su protecci\u00f3n. Este punto nos lleva a la afirmaci\u00f3n de que el embri\u00f3n es un ser vivo y por tanto sujeto de derechos toda vez que \u201c abortar\u201d significa privar de salir, nacer, no estar\u00edamos refiri\u00e9ndonos a esa privaci\u00f3n sino reconoci\u00e9ramos esa existencia. Afirmamos entonces que el feto es vida en una etapa de evoluci\u00f3n que se desarrolla en el cuerpo de una mujer. Nos encontramos entonces en una etapa de la evoluci\u00f3n que finaliza con el parto con vida, en otros t\u00e9rminos el embarazo es el proceso de gestaci\u00f3n que abarca el crecimiento y desarrollo de un nuevo individuo dentro de una mujer desde el momento de la concepci\u00f3n a lo largo de los periodos embrionario y fetal hasta el nacimiento, nos parece que m\u00e1s all\u00e1 de las discusiones otrora significativas desde cuando puede ser considerado un ser con vida lo cierto es que cualquier legislaci\u00f3n que despenalice el aborto deber\u00e1 revisar antes su eficacia y legitimidad toda vez que contradice clausulas constitucionales y tratados internacionales, en particular el Pacto de San Jos\u00e9 de costa Rica que reconoce el derecho a la vida a partir de la concepci\u00f3n, lo que pondr\u00eda a nuestro pa\u00eds como pasible de acciones de convencionalidad. Y digo otrora significativas porque el debate tiene hoy como centro de gravedad a la autonom\u00eda de la mujer para decidir independientemente de los datos de la embriolog\u00eda y la reflexi\u00f3n antropol\u00f3gica sobre el embri\u00f3n, en general confunden conceptos de Autonom\u00eda y Libertad como sin\u00f3nimos, advi\u00e9rtase que la autonom\u00eda no es ilimitada, es parte de la libertad responsable del ser humano que sabe que tienen que actuar respetando la libertad de los dem\u00e1s , aunque ello le limite u ocasione un problema y a sabiendas que tambi\u00e9n debe actuar conforme a su propia dignidad. Esto obliga moralmente a cada ser humano a cuidar y respetar los bienes b\u00e1sicos que conforman la dignidad, vida, salud, conciencia propia. Las banderas de las organizaciones que defienden el derecho al aborto en base a la autonom\u00eda de las mujeres y el derecho a decidir sobre su propio cuerpo es al menos una proclama peligrosa pues la decisi\u00f3n sobre el propio cuerpo tiene limitaciones no solo para el g\u00e9nero femenino sino para el masculino de lo contrario no estar\u00eda penalizado el suicidio asistido que en nuestro pa\u00eds es considerado homicidio. La pregunta ser\u00eda \u00bf puede la madre y el medico interviniente realizar un acto maleficiente contra el feto como es el aborto para un fin benef\u00edciente para la madre? Es posible una autonom\u00eda sin la responsabilidad ante uno mismo y los dem\u00e1s? Estamos en presencia de un movimiento a favor de la mujer o de tapar las consecuencias de la falta de prevenci\u00f3n y de pol\u00edticas p\u00fablicas acordes a las valoraciones vigentes respecto al derecho a la vida. En principio podr\u00edamos afirmar que la noci\u00f3n de autonom\u00eda choca indefectiblemente con los derechos de un ser que dependiente del cuerpo de esa mujer aut\u00f3noma no pude decidir por lo que su estado de vulnerabilidad resulta protegido por la legislaci\u00f3n con argumentos m\u00e1s que fundados respecto al amparo de un derecho fundamental como es la vida. La concepci\u00f3n de la autonom\u00eda para justificar \u201cper-se\u201d el acto de interrupci\u00f3n resulta pobre pues la cuesti\u00f3n del aborto no es \u00fanicamente un tema de autonom\u00eda de la madre pues se contrapone a la autonom\u00eda y beneficencia debida al feto como ser humano cuya dignidad debe ser respetada. La libertad y la autonom\u00eda no significa realizar siempre lo que uno desea porque nos remite a elevar a la irresponsabilidad a un valor que deba ser reconocido, la libertad de vida sexual no implica no poder preveer las consecuencias , m\u00e1xime cuando los ciudadanos en menor o mayor medida pueden acceder a m\u00e9todos preventivos hasta a trav\u00e9s del sistema social de salud. La gen\u00e9tica de la mujer y su posibilidad de concepci\u00f3n admite m\u00e1s que una discusi\u00f3n de \u00edndole moral biol\u00f3gica y religiosa que no puede v\u00e1lidamente fundarse enarbolando banderas de libertad sexual y autonom\u00eda respecto a su propio cuerpo, esa discusi\u00f3n simplista deja muchas otras cuestiones fundamentales sin resolver por lo que una legislaci\u00f3n como la pretendida traer\u00e1 consigo no solo problemas legales sino tambi\u00e9n problemas sociales aun m\u00e1s graves de los que los defensores del aborto predicen suceder\u00e1n sino se dicta la ley. Colocar a los m\u00e9dicos y al servicio de salud ( juramento hipocr\u00e1tico mediante) en hospitales p\u00fablicos al servicio de pr\u00e1cticas abortivas de mujeres aut\u00f3nomas y libres parece desde ya un contrasentido dif\u00edcil de asimilar, m\u00e1s dif\u00edcil parece entender de qu\u00e9 modo los defensores de esta postura pretenden justificar la ley en la situaci\u00f3n de aquellas mujeres excluidas del sistema que mueren en este tipo de pr\u00e1cticas cuando poco se hace no solo para evitar que las mismas lleguen al resultado embarazo o sean v\u00edctimas de situaciones de violencia sexual que las obliga a llevar un embarazo no deseado. Ni hablar de los derechos del padre que por cuestiones biol\u00f3gicas no participa en este proceso en forma activa pero que es sujeto de derechos respecto a su hijo por nacer. Como fundar v\u00e1lidamente el reconocimiento de este derecho si condenamos todo tipo de violencia contra la mujer como si la protecci\u00f3n contra la violencia se limite solo a golpes o muerte sin merituar la violencia psicol\u00f3gica que estas pr\u00e1cticas producen amen de la violencia f\u00edsica que la practica misma conlleva. Por ultimo no hemos o\u00eddo nada respecto al derecho de los m\u00e9dicos a la objeci\u00f3n de conciencia cuando la ley permita la partica en hospitales p\u00fablicos donde los galenos podr\u00edan ser responsables por incumplimientos de sus deberes. Todos los seres humanos tenemos la opci\u00f3n de reinscribir nuestra historia , todos tenemos limitaciones, como ciudadanos debemos comenzar a atacar las causas y no las consecuencias pues sino los ideales trazados ser\u00e1n permanentemente \u201cabortados\u201d por la carencia de convicciones que nos permitan llegar al \u00e9xito pretendido, la construcci\u00f3n debe ser entonces en base al principio de justicia por delante del de autonom\u00eda y la idea de justicia est\u00e1 unida inevitablemente a la plenitud del un derecho fundamental : El derecho a la vida.<\/p>\n","protected":false},"excerpt":{"rendered":"<p>Para introducirnos en el tema del aborto debemos antes interrogarnos, cual es el fin de una legislaci\u00f3n que despenalice el mismo.<\/p>\n","protected":false},"author":1,"featured_media":7283,"comment_status":"closed","ping_status":"closed","sticky":false,"template":"","format":"standard","meta":{"footnotes":""},"categories":[4,1,6],"tags":[],"class_list":["post-7282","post","type-post","status-publish","format-standard","has-post-thumbnail","hentry","category-ddhh","category-noticias","category-salud"],"_links":{"self":[{"href":"https:\/\/defensoriaformosa.gob.ar\/index.php?rest_route=\/wp\/v2\/posts\/7282","targetHints":{"allow":["GET"]}}],"collection":[{"href":"https:\/\/defensoriaformosa.gob.ar\/index.php?rest_route=\/wp\/v2\/posts"}],"about":[{"href":"https:\/\/defensoriaformosa.gob.ar\/index.php?rest_route=\/wp\/v2\/types\/post"}],"author":[{"embeddable":true,"href":"https:\/\/defensoriaformosa.gob.ar\/index.php?rest_route=\/wp\/v2\/users\/1"}],"replies":[{"embeddable":true,"href":"https:\/\/defensoriaformosa.gob.ar\/index.php?rest_route=%2Fwp%2Fv2%2Fcomments&post=7282"}],"version-history":[{"count":1,"href":"https:\/\/defensoriaformosa.gob.ar\/index.php?rest_route=\/wp\/v2\/posts\/7282\/revisions"}],"predecessor-version":[{"id":7284,"href":"https:\/\/defensoriaformosa.gob.ar\/index.php?rest_route=\/wp\/v2\/posts\/7282\/revisions\/7284"}],"wp:featuredmedia":[{"embeddable":true,"href":"https:\/\/defensoriaformosa.gob.ar\/index.php?rest_route=\/wp\/v2\/media\/7283"}],"wp:attachment":[{"href":"https:\/\/defensoriaformosa.gob.ar\/index.php?rest_route=%2Fwp%2Fv2%2Fmedia&parent=7282"}],"wp:term":[{"taxonomy":"category","embeddable":true,"href":"https:\/\/defensoriaformosa.gob.ar\/index.php?rest_route=%2Fwp%2Fv2%2Fcategories&post=7282"},{"taxonomy":"post_tag","embeddable":true,"href":"https:\/\/defensoriaformosa.gob.ar\/index.php?rest_route=%2Fwp%2Fv2%2Ftags&post=7282"}],"curies":[{"name":"wp","href":"https:\/\/api.w.org\/{rel}","templated":true}]}}