{"id":7230,"date":"2018-05-21T16:05:09","date_gmt":"2018-05-21T19:05:09","guid":{"rendered":"http:\/\/2015.defensoriaformosa.gob.ar\/?p=7230"},"modified":"2018-05-21T16:05:09","modified_gmt":"2018-05-21T19:05:09","slug":"la-defensoria-del-pueblo-intimo-al-ministro-de-salud-de-nacion-a-que-cumpla-con-la-entrega-de-todas-las-vacunas-e-insumos-para-respetar-el-calendario-obligatorio-de-vacunacion-y-resguardar-la-salud-de","status":"publish","type":"post","link":"https:\/\/defensoriaformosa.gob.ar\/?p=7230","title":{"rendered":"LA DEFENSORIA DEL PUEBLO INTIMO AL MINISTRO DE SALUD DE NACION A QUE CUMPLA CON LA ENTREGA DE TODAS LAS VACUNAS E INSUMOS PARA RESPETAR EL CALENDARIO OBLIGATORIO DE VACUNACION Y RESGUARDAR LA SALUD DE LA CIUDADANIA"},"content":{"rendered":"<p><strong>Los jefes de las \u00c1reas de Inmunizaciones de todo el pa\u00eds suscribieron un documento dirigido a los Ministros de Salud de las provincias en el que denunciaron la discontinuidad en la provisi\u00f3n de vacunas y materiales descartables que padecen desde el a\u00f1o pasado. <\/strong><\/p>\n<p><!--more--><\/p>\n<p>El pronunciamiento fue suscripto d\u00edas atr\u00e1s por los representantes de 23 jurisdicciones, inclusive aquellas en las que gobierna Cambiemos, como CABA, Corrientes, Jujuy y Mendoza. La provincia de Buenos Aires fue la excepci\u00f3n. La denuncia de los profesionales de la salud se produjo, adem\u00e1s, en un contexto alarmante, puesto que recrudeci\u00f3 el riesgo cierto de reintroducci\u00f3n del sarampi\u00f3n en el pa\u00eds \u2013una enfermedad erradicada en 2000\u2013, se diseminaron casos de fiebre amarilla por todo el continente \u2013en Argentina ya provoc\u00f3 dos muertes\u2013 y se demor\u00f3 el inicio de la vacunaci\u00f3n antigripal para los grupos de riesgo. Los mismos se\u00f1alaron que durante todo el 2017 NO contamos con las dosis planificadas para cumplir con la vacunaci\u00f3n antimeningoc\u00f3cica cuadrivalente de los ni\u00f1os de 3 y 5 meses y de los adolescentes de 11 a\u00f1os; incluso en muchas provincias la vacunaci\u00f3n en este grupo etario directamente no se realiz\u00f3. En el a\u00f1o en curso la situaci\u00f3n se agrava porque se agregan para vacunar los ni\u00f1os de 15 meses y a marzo de 2018, algunas provincias contin\u00faan con la misma situaci\u00f3n y otras recibiendo cantidades m\u00ednimas que impiden ejecutar cualquier planificaci\u00f3n proyectada. En muchas jurisdicciones la situaci\u00f3n no se limita \u00fanicamente a la vacuna antes mencionada sino tambi\u00e9n a vacunas como la triple viral, la triple bacteriana, Hepatitis B, las vacunas contra el VPH, rotavirus, antirr\u00e1bica y Sabin bivalente. El Ombudsman Provincial, Jos\u00e9 Leonardo Gialluca, denunci\u00f3 que el Gobierno Nacional est\u00e1 desmantelando el Programa Nacional de Inmunizaciones, comenzaron a cerrar vacunatorios y a no entregar las vacunas y descartables en tiempo y forma. Hoy tenemos menos vacunas y menos coberturas, por lo que la gente se empieza a enfermar. Encima una diputada del oficialismo propone que las vacunas no sean obligatorias, haciendo referencia a una iniciativa de la legisladora Paula Urroz, quien postul\u00f3 esa idea el a\u00f1o pasado y recibi\u00f3 el rechazo de hasta sus propios colegas de bloque. Institucionalmente desde la Defensoria del Pueblo le hemos planteado al Ministro de Salud de Naci\u00f3n, Dr. Adolfo Rubinstein que se actualice el marco normativo para asegurar la obligatoriedad de las vacunas en todo el pa\u00eds, ampliando la importancia de la inmunizaci\u00f3n no solo a los ni\u00f1os como establece la ley vigente sino haci\u00e9ndola extensiva a todos los integrantes de la familia. Por ello es que a trav\u00e9s de la Actuaci\u00f3n N\u00ba 1550\/18 se intim\u00f3 al funcionario nacional antes nombrado, \u201ca que provea en el menor tiempo material posible todas las vacunas necesarias a la provincia de Formosa, especialmente las dosis de vacuna BCG y Antiamarilica m\u00e1s los insumos descartables necesarios para su colocaci\u00f3n\u201d; no es posible que la vacunaci\u00f3n antigripal se haya retrasado por culpa exclusiva de las Autoridades Nacionales y siendo que las Sociedades Cient\u00edficas recomiendan iniciar antes de la llegada de los primeros fr\u00edos para asegurar inmunidad a los grupos de riesgo la vacunaci\u00f3n para quienes deban recibirla. El Defensor del Pueblo, se\u00f1alo que si no tenemos una respuesta del Ministro de Salud de Naci\u00f3n, acudiremos a la Justicia Competente, puesto que se est\u00e1 poniendo en riesgo el Derecho a la Salud de toda la ciudadan\u00eda y se vulnera adem\u00e1s la posibilidad de cumplir con el Calendario Obligatorio de Vacunaci\u00f3n. Hemos llegado al extremo de que hasta el propio Hospital Garrahan, un Centro de Referencia a nivel nacional, esta denunciando el rebrote de enfermedades que ven\u00edan siendo controladas a trav\u00e9s de los programas nacionales de control de enfermedades infecto contagiosas a trav\u00e9s de la vacuna. Por ello la falta de cobertura en los \u00faltimos tiempos hizo que se pierda el control de estas enfermedades y hoy nos vemos en una situaci\u00f3n que impacta en la salud de la poblaci\u00f3n, como son los casos de sarampi\u00f3n, dengue, tuberculosis, s\u00edfilis cong\u00e9nita , hay faltantes de vacuna contra la hepatitis B, el VPH, la triple viral, y la triple bacteriana, por lo cual la situaci\u00f3n es cr\u00edtica.<\/p>\n","protected":false},"excerpt":{"rendered":"<p>Los jefes de las \u00c1reas de Inmunizaciones de todo el pa\u00eds suscribieron un documento dirigido a los Ministros de Salud de las provincias en el que denunciaron la discontinuidad en la provisi\u00f3n de vacunas y materiales descartables que padecen desde el a\u00f1o pasado.<\/p>\n","protected":false},"author":1,"featured_media":7231,"comment_status":"closed","ping_status":"closed","sticky":false,"template":"","format":"standard","meta":{"footnotes":""},"categories":[4,1,6],"tags":[],"class_list":["post-7230","post","type-post","status-publish","format-standard","has-post-thumbnail","hentry","category-ddhh","category-noticias","category-salud"],"_links":{"self":[{"href":"https:\/\/defensoriaformosa.gob.ar\/index.php?rest_route=\/wp\/v2\/posts\/7230","targetHints":{"allow":["GET"]}}],"collection":[{"href":"https:\/\/defensoriaformosa.gob.ar\/index.php?rest_route=\/wp\/v2\/posts"}],"about":[{"href":"https:\/\/defensoriaformosa.gob.ar\/index.php?rest_route=\/wp\/v2\/types\/post"}],"author":[{"embeddable":true,"href":"https:\/\/defensoriaformosa.gob.ar\/index.php?rest_route=\/wp\/v2\/users\/1"}],"replies":[{"embeddable":true,"href":"https:\/\/defensoriaformosa.gob.ar\/index.php?rest_route=%2Fwp%2Fv2%2Fcomments&post=7230"}],"version-history":[{"count":1,"href":"https:\/\/defensoriaformosa.gob.ar\/index.php?rest_route=\/wp\/v2\/posts\/7230\/revisions"}],"predecessor-version":[{"id":7232,"href":"https:\/\/defensoriaformosa.gob.ar\/index.php?rest_route=\/wp\/v2\/posts\/7230\/revisions\/7232"}],"wp:featuredmedia":[{"embeddable":true,"href":"https:\/\/defensoriaformosa.gob.ar\/index.php?rest_route=\/wp\/v2\/media\/7231"}],"wp:attachment":[{"href":"https:\/\/defensoriaformosa.gob.ar\/index.php?rest_route=%2Fwp%2Fv2%2Fmedia&parent=7230"}],"wp:term":[{"taxonomy":"category","embeddable":true,"href":"https:\/\/defensoriaformosa.gob.ar\/index.php?rest_route=%2Fwp%2Fv2%2Fcategories&post=7230"},{"taxonomy":"post_tag","embeddable":true,"href":"https:\/\/defensoriaformosa.gob.ar\/index.php?rest_route=%2Fwp%2Fv2%2Ftags&post=7230"}],"curies":[{"name":"wp","href":"https:\/\/api.w.org\/{rel}","templated":true}]}}