{"id":7225,"date":"2018-05-20T20:45:53","date_gmt":"2018-05-20T23:45:53","guid":{"rendered":"http:\/\/2015.defensoriaformosa.gob.ar\/?p=7225"},"modified":"2018-05-20T21:20:52","modified_gmt":"2018-05-21T00:20:52","slug":"la-defnsoria-declaro-de-interes-institucional-la-jornada-academica-a-cien-anos-de-la-reforma-universitaria-1918-2018-a-llevarse-a-cabo-en-la-unaf","status":"publish","type":"post","link":"https:\/\/defensoriaformosa.gob.ar\/?p=7225","title":{"rendered":"LA DEFENSORIA DECLARO DE INTERES INSTITUCIONAL LA JORNADA ACADEMICA \u201cA CIEN A\u00d1OS DE LA REFORMA UNIVERSITARIA 1918-2018\u201d A LLEVARSE A CABO EN LA UNAF"},"content":{"rendered":"<p><strong>A trav\u00e9s de la Resoluci\u00f3n N\u00ba 109\/18, la Defensoria del Pueblo resolvi\u00f3 declarar de Inter\u00e9s Institucional la \u201cJornada Acad\u00e9mica \u201c a Cien a\u00f1os de la Reforma Universitaria 1918-2018\u201d organizada por la Universidad Nacional de Formosa, Secretaria de Extensi\u00f3n Universitaria y Asuntos Estudiantiles y el Centro de Estudiantes de la Facultad de Humanidades \u201cL\u00ednea Azul\u201d que se llevara a cabo en el d\u00eda de la fecha en la Biblioteca Central de la UNAF. <\/strong><\/p>\n<p><!--more--><\/p>\n<p>El Ombudsman Provincial, Jos\u00e9 Leonardo Gialluca, propicio la asistencia y participaci\u00f3n de la Comunidad Educativa y de toda la sociedad a estas Jornadas Acad\u00e9micas, recordando que mientras transcurr\u00eda el primer Gobierno de Hip\u00f3lito Yrigoyen, estudiantes universitarios de la Provincia de C\u00f3rdoba, protestaron contra lo que consideraban practicas autoritarias y dogm\u00e1ticas de quienes dirig\u00edan la Universidad y todos esos sucesos fueron conocidos como la \u201cReforma Universitaria de 1918\u201d. Por eso decimos que la universidad argentina comienza en C\u00f3rdoba en 1621 con la creaci\u00f3n de una instituci\u00f3n colonial dirigida por la Compa\u00f1\u00eda de Jes\u00fas. Contin\u00faa con la creaci\u00f3n de la Universidad de Buenos Aires en 1821 y en 1905 con la Universidad Nacional de La Plata. Al momento de la Reforma, solo estas tres instituciones exist\u00edan en nuestro pa\u00eds. La Reforma Universitaria fue un acontecimiento de gran importancia en la historia de Argentina y Am\u00e9rica. El 15 de junio de 1918, cuando los estudiantes tomaron la Casa de Trejo en protesta por la designaci\u00f3n del rector Nores Mart\u00ednez, comenz\u00f3 a gestarse el \u00abmodo argentino\u00bb de construir el sistema universitario. Debemos celebrar un sistema universitario extendido, s\u00f3lido, presente en todas las provincias, con alrededor de 2 millones de estudiantes. Para un pa\u00eds de 44 millones de habitantes, significa que el 4.5 % de su poblaci\u00f3n asiste a la universidad y el 80 % de esos, a una universidad p\u00fablica.\u2002Los principios reformistas son conocidos: participaci\u00f3n de los estudiantes en el gobierno, junto a profesores y egresados; autonom\u00eda, con sus aspectos docentes y administrativos; libre elecci\u00f3n de las autoridades; fin de las c\u00e1tedras heredadas y selecci\u00f3n mediante concursos p\u00fablicos; limitaci\u00f3n temporal de los mandatos docentes, libertad de c\u00e1tedra, cursos paralelos y libre asistencia a clase, entre otros. Sin embargo, uno de los cambios m\u00e1s significativos fue el comienzo de la vida pol\u00edtica y electoral regular en las universidades para los estudiantes y sus agrupaciones.<br \/>\nEntre 2003 y 2015 se busc\u00f3 que el acceso a la universidad dejara de ser un privilegio para consolidarse como derecho. Si bien en los a\u00f1os 70 del siglo pasado y en el lapso 1989-2002 hubo aumento del n\u00famero de universidades, el gran impulso fue desde 2003 con la creaci\u00f3n de 19 nuevas universidades nacionales. Ahora la pregunta que nos formulamos es \u00bfQu\u00e9 universidad queremos? .Como en el mundo avanza la concepci\u00f3n de la educaci\u00f3n como mercanc\u00eda, creemos necesario ratificar los principios y valores de nuestro sistema universitario, construidos en 1918, 1949 y en los \u00faltimos a\u00f1os. En tiempos de neoliberalismo y regresividad de derechos en nuestro pa\u00eds y en la regi\u00f3n, la universidad que queremos debe mejorar los aprendizajes y elevar la tasa de egresos, adem\u00e1s del tiempo que demanda la titulaci\u00f3n.\u2002Una universidad comprometida con el desarrollo local, regional y el crecimiento industrial, atenta a la estrecha relaci\u00f3n entre educaci\u00f3n y trabajo, que aporte al conocimiento social a trav\u00e9s de sus investigaciones cient\u00edfico-tecnol\u00f3gicas. Una universidad que priorice la transmisi\u00f3n de conocimientos realizada por docentes comprometidos, respetuosos e id\u00f3neos, que encarnen la conmovedora frase de Eva Per\u00f3n cuando dec\u00eda \u00abque el amor alarga la mirada de la inteligencia\u00bb. Una universidad que sea responsable frente a los ciudadanos y a la sociedad que la sostiene con sus impuestos. Una universidad verdaderamente democr\u00e1tica supone algo m\u00e1s que cumplir formalidades organizativas; la democracia efectiva acepta la soberan\u00eda popular y trabaja para el desarrollo nacional, la justa distribuci\u00f3n del ingreso y la igualdad de los ciudadanos.\u2002Una universidad que conozca todas las vertientes del pensamiento, pero que se alimente de nuestra fecunda historia nacional, argentina y latinoamericana.\u2002Una universidad que forme j\u00f3venes preocupados por las injusticias, con deseos de transformar el mundo y voluntad de comprometerse en acciones solidarias; estudiantes informados, capaces de escuchar, \u00e9ticos, amantes del di\u00e1logo fecundo, protagonistas, democr\u00e1ticos, sencillos. Que se sientan herederos de otras luchas y sue\u00f1os de sus mayores.\u2002Una universidad que sostenga un concepto de autonom\u00eda al servicio del pueblo; una autonom\u00eda en generoso y sincero di\u00e1logo con el Estado.\u2002Discutiendo la universidad, fuimos dibujando la patria que queremos. No ser\u00e1 la del individualismo, las jerarqu\u00edas y los prejuicios, la que consiente la persecuci\u00f3n pol\u00edtica y el disciplinamiento de trabajadores y jubilados, ni la de la desigualdad y la concentraci\u00f3n de la riqueza.\u2002\u00bbHabr\u00e1 patria para todos o para nadie\u00bb, dec\u00eda Jos\u00e9 Artigas hace 200 a\u00f1os. Eso queremos. Universidad para todos y todas, como so\u00f1aron aquellos j\u00f3venes, en C\u00f3rdoba, cien a\u00f1os atr\u00e1s.<\/p>\n","protected":false},"excerpt":{"rendered":"<p>A trav\u00e9s de la Resoluci\u00f3n N\u00ba 109\/18, la Defensoria del Pueblo resolvi\u00f3 declarar de Inter\u00e9s Institucional la \u201cJornada Acad\u00e9mica \u201c a Cien a\u00f1os de la Reforma Universitaria 1918-2018\u201d organizada por la Universidad Nacional de Formosa, Secretaria de Extensi\u00f3n Universitaria y Asuntos Estudiantiles y el Centro de Estudiantes de la Facultad de Humanidades \u201cL\u00ednea Azul\u201d que [&hellip;]<\/p>\n","protected":false},"author":1,"featured_media":7226,"comment_status":"closed","ping_status":"closed","sticky":false,"template":"","format":"standard","meta":{"footnotes":""},"categories":[1,3],"tags":[],"class_list":["post-7225","post","type-post","status-publish","format-standard","has-post-thumbnail","hentry","category-noticias","category-defensa-de-los-derechos-del-usuario-consumidor-contribuyentes"],"_links":{"self":[{"href":"https:\/\/defensoriaformosa.gob.ar\/index.php?rest_route=\/wp\/v2\/posts\/7225","targetHints":{"allow":["GET"]}}],"collection":[{"href":"https:\/\/defensoriaformosa.gob.ar\/index.php?rest_route=\/wp\/v2\/posts"}],"about":[{"href":"https:\/\/defensoriaformosa.gob.ar\/index.php?rest_route=\/wp\/v2\/types\/post"}],"author":[{"embeddable":true,"href":"https:\/\/defensoriaformosa.gob.ar\/index.php?rest_route=\/wp\/v2\/users\/1"}],"replies":[{"embeddable":true,"href":"https:\/\/defensoriaformosa.gob.ar\/index.php?rest_route=%2Fwp%2Fv2%2Fcomments&post=7225"}],"version-history":[{"count":2,"href":"https:\/\/defensoriaformosa.gob.ar\/index.php?rest_route=\/wp\/v2\/posts\/7225\/revisions"}],"predecessor-version":[{"id":7228,"href":"https:\/\/defensoriaformosa.gob.ar\/index.php?rest_route=\/wp\/v2\/posts\/7225\/revisions\/7228"}],"wp:featuredmedia":[{"embeddable":true,"href":"https:\/\/defensoriaformosa.gob.ar\/index.php?rest_route=\/wp\/v2\/media\/7226"}],"wp:attachment":[{"href":"https:\/\/defensoriaformosa.gob.ar\/index.php?rest_route=%2Fwp%2Fv2%2Fmedia&parent=7225"}],"wp:term":[{"taxonomy":"category","embeddable":true,"href":"https:\/\/defensoriaformosa.gob.ar\/index.php?rest_route=%2Fwp%2Fv2%2Fcategories&post=7225"},{"taxonomy":"post_tag","embeddable":true,"href":"https:\/\/defensoriaformosa.gob.ar\/index.php?rest_route=%2Fwp%2Fv2%2Ftags&post=7225"}],"curies":[{"name":"wp","href":"https:\/\/api.w.org\/{rel}","templated":true}]}}