{"id":7217,"date":"2018-05-18T14:52:00","date_gmt":"2018-05-18T17:52:00","guid":{"rendered":"http:\/\/2015.defensoriaformosa.gob.ar\/?p=7217"},"modified":"2018-05-18T14:52:00","modified_gmt":"2018-05-18T17:52:00","slug":"informo-la-defensoria-del-pueblo-que-los-cinco-jovenes-wichi-denunciados-como-desaparecidos-siempre-estuvieron-bajo-tratamiento-medico-con-autorizacion-y-conocimientos-de-sus-padres","status":"publish","type":"post","link":"https:\/\/defensoriaformosa.gob.ar\/?p=7217","title":{"rendered":"INFORMO LA DEFENSORIA DEL PUEBLO QUE LOS CINCO JOVENES WICHI DENUNCIADOS COMO DESAPARECIDOS, SIEMPRE ESTUVIERON BAJO TRATAMIENTO MEDICO CON AUTORIZACION Y CONOCIMIENTOS DE SUS PADRES"},"content":{"rendered":"<p><strong>Ante la denuncia de Comunidades Abor\u00edgenes, a trav\u00e9s de la denominada \u201cMesa por la libertad a los Wichis\u201d, que reclaman por informaci\u00f3n relativa al paradero de cinco j\u00f3venes originarios de la localidad de Ing. Ju\u00e1rez, quienes, seg\u00fan sus manifestaciones, fueron detenidos por la Polic\u00eda y trasladados a la Ciudad de Formosa, Buenos Aires y Ushuaia, sin comunicar debidamente a sus familiares, precisando que el menor de 12 a\u00f1os, (R.A) fue detenido hace m\u00e1s de tres meses junto con dos ni\u00f1os m\u00e1s del Barrio \u201c50 Viviendas\u201d y trasladado a Buenos Aires\u201d; (F.A) de 13 a\u00f1os, fue herido de bala el 1\u00ba de enero en la cabeza. <\/strong><\/p>\n<p><!--more--><\/p>\n<p>Ana Mar\u00eda Ag\u00fcero, t\u00eda de los citados, indic\u00f3 que, este \u00faltimo fue detenido mientras se hallaba internado en el hospital de Ing. Ju\u00e1rez y luego trasladado a un centro de rehabilitaci\u00f3n en la localidad de Edmundo Villafa\u00f1e, pero que, en la actualidad la familia no cuenta con informaci\u00f3n sobre su paradero, denunciando la detenci\u00f3n y traslado ilegal a Buenos Aires de dos menores de apellido Campos, quienes estar\u00edan desaparecidos desde hace un a\u00f1o y exponen los supuestos dichos de una ciudadana que se da a conocer como Lorena Fr\u00edas, quien indica que, el 24 de marzo y 01 de abril (sin precisar el a\u00f1o) se realizaron operativos \u201chacia la Comunidad Wich\u00ed de Ju\u00e1rez\u201d, durante los cuales fueron \u201cencarcelados varios j\u00f3venes\u201d, entre los que se encontraba, (C.M) de catorce a\u00f1os residente en el Barrio Obrero quien fue detenido y luego trasladado a Buenos Aires para su internaci\u00f3n, asimismo, la Sra. Ana Ag\u00fcero, pide que el IAPA les brinde informaci\u00f3n sobre los mismos. Ante la gravedad de los hechos denunciados, el Defensor del Pueblo de la Provincia , Dr. Jos\u00e9 L. Gialluca, solicit\u00f3 con car\u00e1cter urgente, al Administrador General del Instituto de Investigaci\u00f3n, Asistencia y Prevenci\u00f3n de las Adicciones (I.A.P.A.), Lic. Marcelo E. Kremis, remita un informe pormenorizado respecto de las circunstancias descriptas, recibiendo respuesta a la brevedad, donde se brinda detalles de cada caso en particular y se aclara que, de los cinco j\u00f3venes mencionados, seg\u00fan sus registros, solamente cuatro de ellos, fueron asistidos en ese Instituto, en este sentido, para mantener en reserva la identidad de los menores y no vulnerar derechos personal\u00edsimos, este Organismo de la Constituci\u00f3n no da los datos personales ni caracter\u00edsticas de los tratamientos m\u00e9dicos, solo se puede hacer saber a los interesados y a la opini\u00f3n p\u00fablica que, los j\u00f3venes en cuesti\u00f3n se encuentran realizando tratamientos de rehabilitaci\u00f3n en diferentes Comunidades Terap\u00e9uticas que funcionan tanto en la Provincia de Buenos Aires como en la Provincia de Formosa; de la documental respaldatoria surgen: diagn\u00f3sticos m\u00e9dicos, informes socioambientales, autorizaciones de pasajes para la visita de los familiares, prescripciones de profesionales de la salud, protocolos de evaluaci\u00f3n psicol\u00f3gica y cl\u00ednica, entre otras constancias de atenciones. Asimismo es dable destacar que, tambi\u00e9n se adjuntan las respectivas autorizaciones de los padres y\/o tutores, para la realizaci\u00f3n de los tratamientos propuestos por los facultativos m\u00e9dicos. Con esto se demuestra la falta de veracidad en lo vertido en las publicaciones, en cuanto a que los familiares de los menores ignoraban su paradero. El voluminoso informe remitido por el I.A.P.A. se halla agregado en los autos caratulados: \u201cComunidades Abor\u00edgenes del Oeste Formose\u00f1o \u2013 Las Lomitas (La Pantalla) Bartolom\u00e9 de las Casas \u2013 Ingeniero Ju\u00e1rez \u2013 Dpto. Pati\u00f1o \u2013 Ramon Lista \u2013 Matacos y\/u otros\u201d, Expte. N\u00ba 139-C-2016, del Registro Interno de esta Defensor\u00eda del Pueblo, el que se encuentra a disposici\u00f3n de los padres\/tutores y\/o personas legalmente autorizadas para acceder al mismo; con lo cual el Ombudsman Provincial solicito a los Responsables e Integrantes de la \u201cMesa por la Libertad a los Wichis\u201d a que se abstengan de denunciar hechos falsos, tergiversando la realidad de los hechos y pasando inclusive por encima de las autorizaciones concretadas por los padres de los menores que se encuentran siendo contenidos y atendidos como corresponde por el IAPA y por otros estamentos del Estado Provincial.<\/p>\n","protected":false},"excerpt":{"rendered":"<p>Ante la denuncia de Comunidades Abor\u00edgenes, a trav\u00e9s de la denominada \u201cMesa por la libertad a los Wichis\u201d, que reclaman por informaci\u00f3n relativa al paradero de cinco j\u00f3venes originarios de la localidad de Ing. Ju\u00e1rez, quienes, seg\u00fan sus manifestaciones, fueron detenidos por la Polic\u00eda y trasladados a la Ciudad de Formosa, Buenos Aires y Ushuaia, [&hellip;]<\/p>\n","protected":false},"author":1,"featured_media":2954,"comment_status":"closed","ping_status":"closed","sticky":false,"template":"","format":"standard","meta":{"footnotes":""},"categories":[4,1],"tags":[],"class_list":["post-7217","post","type-post","status-publish","format-standard","has-post-thumbnail","hentry","category-ddhh","category-noticias"],"_links":{"self":[{"href":"https:\/\/defensoriaformosa.gob.ar\/index.php?rest_route=\/wp\/v2\/posts\/7217","targetHints":{"allow":["GET"]}}],"collection":[{"href":"https:\/\/defensoriaformosa.gob.ar\/index.php?rest_route=\/wp\/v2\/posts"}],"about":[{"href":"https:\/\/defensoriaformosa.gob.ar\/index.php?rest_route=\/wp\/v2\/types\/post"}],"author":[{"embeddable":true,"href":"https:\/\/defensoriaformosa.gob.ar\/index.php?rest_route=\/wp\/v2\/users\/1"}],"replies":[{"embeddable":true,"href":"https:\/\/defensoriaformosa.gob.ar\/index.php?rest_route=%2Fwp%2Fv2%2Fcomments&post=7217"}],"version-history":[{"count":1,"href":"https:\/\/defensoriaformosa.gob.ar\/index.php?rest_route=\/wp\/v2\/posts\/7217\/revisions"}],"predecessor-version":[{"id":7218,"href":"https:\/\/defensoriaformosa.gob.ar\/index.php?rest_route=\/wp\/v2\/posts\/7217\/revisions\/7218"}],"wp:featuredmedia":[{"embeddable":true,"href":"https:\/\/defensoriaformosa.gob.ar\/index.php?rest_route=\/wp\/v2\/media\/2954"}],"wp:attachment":[{"href":"https:\/\/defensoriaformosa.gob.ar\/index.php?rest_route=%2Fwp%2Fv2%2Fmedia&parent=7217"}],"wp:term":[{"taxonomy":"category","embeddable":true,"href":"https:\/\/defensoriaformosa.gob.ar\/index.php?rest_route=%2Fwp%2Fv2%2Fcategories&post=7217"},{"taxonomy":"post_tag","embeddable":true,"href":"https:\/\/defensoriaformosa.gob.ar\/index.php?rest_route=%2Fwp%2Fv2%2Ftags&post=7217"}],"curies":[{"name":"wp","href":"https:\/\/api.w.org\/{rel}","templated":true}]}}