{"id":709,"date":"2015-03-29T18:31:04","date_gmt":"2015-03-29T21:31:04","guid":{"rendered":"http:\/\/2015.defensoriaformosa.gob.ar\/?p=709"},"modified":"2015-03-29T18:31:04","modified_gmt":"2015-03-29T21:31:04","slug":"investigan-la-posibilidad-de-falsas-denuncias","status":"publish","type":"post","link":"https:\/\/defensoriaformosa.gob.ar\/?p=709","title":{"rendered":"INVESTIGAN LA POSIBILIDAD DE FALSAS DENUNCIAS"},"content":{"rendered":"<p style=\"text-align: justify;\"><strong>Tras incidentes a la vera de la RN 81 la Defensor\u00eda solicito a Gendarmer\u00eda que informe si existi\u00f3 orden de no intervenir en Ingeniero Ju\u00e1rez.<\/strong><\/p>\n<p style=\"text-align: justify;\"><!--more--><\/p>\n<p style=\"text-align: justify;\">La \u201cDirecci\u00f3n de Derechos Humanos- Discriminaci\u00f3n -Xenofobia \u2013Trata de Personas \u2013 Discapacidad\u201d, de la Defensor\u00eda del Pueblo, ante los recientes acontecimientos que se sucedieron a la vera de la Ruta Nacional 81, en los que participaron grupos de abor\u00edgenes y Fuerzas de Seguridad Nacionales y Provinciales, siendo el contexto en el cual, el Senador Nacional Luis Naidenoff \u201cdenuncio que Gendarmer\u00eda Nacional hab\u00eda \u2013 \u201cliberado la zona\u201d &#8211; para que se produzcan una serie de enfrentamientos\u201d, motiv\u00f3 que el cual Ombudsman provincial, remitiera una actuaci\u00f3n al Jefe de la Agrupaci\u00f3n VI Formosa de Gendarmer\u00eda Nacional, Cte. Myr. Jorge Luis Caligari, para que informe, si existi\u00f3 la referida orden y por quien habr\u00eda sido cursada; ya que la misma, de haber mediado, constituye un grav\u00edsimo antecedente en esta materia. De igual manera, la Defensor\u00eda, libro Oficios al Jefe de la Polic\u00eda de la Provincia, Gral. Juan Escobar, a fin de que env\u00ede los antecedentes que obraren como consecuencia de los hechos ocurridos el 24 de marzo en la Ciudad de Ingeniero Ju\u00e1rez. El Ombudsman provincial, Jos\u00e9 Leonardo Gialluca, por su parte, se\u00f1alo: \u201cNos hemos contactado con Delegados Wichi de Ingeniero Ju\u00e1rez, a los que les hemos ofrecido todos los espacios de di\u00e1logo y de resoluci\u00f3n de conflictos, para evitar que se sucedan incidentes violentos. A lo que recibimos la sorpresiva respuesta de que \u201cning\u00fan integrante de la Comunidad de la zona estuvo de acuerdo con los mismos y lo que s\u00ed denunciaron los aut\u00e9nticos representantes abor\u00edgenes, es que algunas ONG`s y personas que no son del pueblo, \u201cest\u00e1n asomando y llevan con mentiras a nuestros propios hermanos a querer crear situaciones de violencia con las que no estamos de acuerdo\u201d (textual). Lo que, nos lleva a concluir, conforme a los hechos, que el Senador Naidenoff, formul\u00f3 una acusaci\u00f3n grav\u00edsima, sin ning\u00fan tipo de pruebas y es m\u00e1s, sin haber radicado, previamente la pertinente \u201cdenuncia formal ante la justicia\u201d, no obstante lo cual, nosotros, seguiremos los carriles investigativos correspondientes, pues es preciso conocer los hechos, primero, para verificar la veracidad de los mismos, lo cual, en segundo t\u00e9rmino, nos llevar\u00e1 a determinar si la acusaci\u00f3n de Naidenoff, es o no cierta. Desde el Organismo de la Constituci\u00f3n, finaliz\u00f3 diciendo el funcionario, al margen de que daremos a conocer, oportunamente, los resultados de esta intervenci\u00f3n, hemos conformado una red con diferentes referentes ind\u00edgenas, no s\u00f3lo de Ing. Ju\u00e1rez, sino tambi\u00e9n de comunidades aleda\u00f1as, de modo que podamos prevenir y evitar cualquier situaci\u00f3n o acontecimiento que vulnere la paz social en nuestra provincia.<\/p>\n<figure id=\"attachment_710\" aria-describedby=\"caption-attachment-710\" style=\"width: 451px\" class=\"wp-caption aligncenter\"><img loading=\"lazy\" decoding=\"async\" class=\"wp-image-710 size-full\" src=\"https:\/\/2015.defensoriaformosa.gob.ar\/wp-content\/uploads\/2015\/03\/falsas-denuncias.jpg\" alt=\"falsas denuncias\" width=\"451\" height=\"337\" srcset=\"https:\/\/defensoriaformosa.gob.ar\/wp-content\/uploads\/2015\/03\/falsas-denuncias.jpg 451w, https:\/\/defensoriaformosa.gob.ar\/wp-content\/uploads\/2015\/03\/falsas-denuncias-300x224.jpg 300w\" sizes=\"auto, (max-width: 451px) 100vw, 451px\" \/><figcaption id=\"caption-attachment-710\" class=\"wp-caption-text\">Los representantes de los abor\u00edgenes de Ju\u00e1rez, afirmaron a Gialluca que hay personas y grupos trabajando para fomentar la violencia.<\/figcaption><\/figure>\n<p style=\"text-align: justify;\">\n","protected":false},"excerpt":{"rendered":"<p>Tras incidentes a la vera de la RN 81 la Defensor\u00eda solicito a Gendarmer\u00eda que informe si existi\u00f3 orden de no intervenir en Ingeniero Ju\u00e1rez.<\/p>\n","protected":false},"author":1,"featured_media":710,"comment_status":"closed","ping_status":"closed","sticky":false,"template":"","format":"standard","meta":{"footnotes":""},"categories":[4,1],"tags":[],"class_list":["post-709","post","type-post","status-publish","format-standard","has-post-thumbnail","hentry","category-ddhh","category-noticias"],"_links":{"self":[{"href":"https:\/\/defensoriaformosa.gob.ar\/index.php?rest_route=\/wp\/v2\/posts\/709","targetHints":{"allow":["GET"]}}],"collection":[{"href":"https:\/\/defensoriaformosa.gob.ar\/index.php?rest_route=\/wp\/v2\/posts"}],"about":[{"href":"https:\/\/defensoriaformosa.gob.ar\/index.php?rest_route=\/wp\/v2\/types\/post"}],"author":[{"embeddable":true,"href":"https:\/\/defensoriaformosa.gob.ar\/index.php?rest_route=\/wp\/v2\/users\/1"}],"replies":[{"embeddable":true,"href":"https:\/\/defensoriaformosa.gob.ar\/index.php?rest_route=%2Fwp%2Fv2%2Fcomments&post=709"}],"version-history":[{"count":1,"href":"https:\/\/defensoriaformosa.gob.ar\/index.php?rest_route=\/wp\/v2\/posts\/709\/revisions"}],"predecessor-version":[{"id":711,"href":"https:\/\/defensoriaformosa.gob.ar\/index.php?rest_route=\/wp\/v2\/posts\/709\/revisions\/711"}],"wp:featuredmedia":[{"embeddable":true,"href":"https:\/\/defensoriaformosa.gob.ar\/index.php?rest_route=\/wp\/v2\/media\/710"}],"wp:attachment":[{"href":"https:\/\/defensoriaformosa.gob.ar\/index.php?rest_route=%2Fwp%2Fv2%2Fmedia&parent=709"}],"wp:term":[{"taxonomy":"category","embeddable":true,"href":"https:\/\/defensoriaformosa.gob.ar\/index.php?rest_route=%2Fwp%2Fv2%2Fcategories&post=709"},{"taxonomy":"post_tag","embeddable":true,"href":"https:\/\/defensoriaformosa.gob.ar\/index.php?rest_route=%2Fwp%2Fv2%2Ftags&post=709"}],"curies":[{"name":"wp","href":"https:\/\/api.w.org\/{rel}","templated":true}]}}