{"id":7051,"date":"2018-04-11T18:43:43","date_gmt":"2018-04-11T21:43:43","guid":{"rendered":"http:\/\/2015.defensoriaformosa.gob.ar\/?p=7051"},"modified":"2018-04-11T18:44:04","modified_gmt":"2018-04-11T21:44:04","slug":"declaro-la-defensoria-del-pueblo-de-interes-institucional-la-caminata-de-parki-form-por-el-dia-mundial-del-parkinson","status":"publish","type":"post","link":"https:\/\/defensoriaformosa.gob.ar\/?p=7051","title":{"rendered":"DECLAR\u00d3 LA DEFENSORIA DEL PUEBLO DE INTER\u00c9S INSTITUCIONAL LA CAMINATA DE \u201cPARKI- FORM\u201d POR EL D\u00cdA MUNDIAL DEL PARKINSON"},"content":{"rendered":"<p><strong>Desde la -Direcci\u00f3n de Salud y Vivienda- de la Defensor\u00eda del Pueblo, se emiti\u00f3 la Resoluci\u00f3n Nro. 84\/18 mediante la cual se resolvi\u00f3 en su Art. 1\u00ba: Declarar de Inter\u00e9s Institucional del Organismo de la Constituci\u00f3n, la Caminata organizada por la Asociaci\u00f3n Civil sin fines de lucro \u201cPARKI- FORM\u201d, que tendr\u00e1 como slogan este a\u00f1o \u201cTodos con Movimiento Venceremos al Parkinson\u201d y que se llevar\u00e1 a cabo en un recorrido desde el M\u00e1stil Municipal hasta la Plaza San Mart\u00edn de la Ciudad de Formosa, con motivo de que la Organizaci\u00f3n Mundial de la Salud ha fijado el 11 de abril, como el D\u00eda Mundial del Parkinson. <\/strong><\/p>\n<p><!--more--><\/p>\n<p>As\u00ed, la Defensora Adjunta Sylvina M. Portillo y la Asesora Letrada Dra. Mar\u00eda Eugenia Pereyra hicieron formal entrega del instrumento antes descripto al actual Presidente del Grupo de Autoayuda Sr. Miguel S. L\u00f3pez; invit\u00e1ndose a toda la comunidad, de manera tal que podamos generar d\u00eda a d\u00eda mayor visibilidad y concientizaci\u00f3n, sobre lo que significa la enfermedad del Parkinson y sus impactos en el ambiente familiar, laboral y social. Desde el Organismo de la Constituci\u00f3n se se\u00f1al\u00f3 que en el a\u00f1o 1997 la OMS declar\u00f3 como D\u00eda Mundial de la Enfermedad de Parkinson el 11 de abril, fecha de nacimiento del Dr. James Parkinson, quien padeci\u00f3 y describi\u00f3 sus s\u00edntomas en 1817. En nuestro medio, se resalta que el Hospital de Alta Complejidad \u201cPresidente Juan Domingo Per\u00f3n\u201d desde el a\u00f1o 2015 lleva a cabo las Cirug\u00edas Funcionales para el Parkinson. Desde ese momento han sido muchos los pacientes de la provincia y de la regi\u00f3n que pudieron acceder a esta compleja intervenci\u00f3n, que si bien no cura la enfermedad, mejora o retrocede los s\u00edntomas devolviendo una mejor calidad de vida. Estas neurocirug\u00edas del Parkinson se incluyen en la oferta de prestaciones de neurocirug\u00eda funcional (dolor, espasticidad, epilepsia y movimientos anormales) del Departamento de Neurociencias del H.A.C; y son realizadas por especialistas de la Instituci\u00f3n, en coordinaci\u00f3n con m\u00e9dicos de referencia nacional e internacional, en un trabajo interdisciplinario de neurocirujanos, neur\u00f3logos, electroneurosifi\u00f3logos, neuropsiquiatras e ingenieros, entre otros. Las mismas se realizan con t\u00e9cnicas de alta precisi\u00f3n apoyadas con sofisticados equipos de im\u00e1genes y registros neuronales que permiten identificar estructuras anat\u00f3micas profundas del cerebro como son el n\u00facleo p\u00e1lido, el n\u00facleo subtal\u00e1mico de Luys y el n\u00facleo ventral intermediario del t\u00e1lamo de vital importancia para el tratamiento sintom\u00e1tico de estas enfermedades. En estas prestaciones no solo se realiza el abordaje unilateral sino tambi\u00e9n bilateral, y en este sentido el a\u00f1o pasado (2.017) se realizaron 6 nuevas cirug\u00edas de las cuales tres de ellas fueron tratamientos bilaterales, es decir, una segunda intervenci\u00f3n a pacientes que ya hab\u00edan accedido a la cirug\u00eda, todos con excelentes resultados, continuando con los controles pertinentes. El Ombudsman Provincial Jos\u00e9 Leonardo Gialluca, mencion\u00f3 que continuaremos trabajando durante todo el a\u00f1o con \u201cPARKI- FORM\u201d donde sus miembros tienen el objetivo y la idea de llevar la ayuda, contenci\u00f3n y solidaridad necesaria, a todos aquellos formose\u00f1os que padezcan esta enfermedad y se encuentren en nuestro Interior Provincial y muchas veces por falta de medios econ\u00f3micos principalmente o por desconocimiento, no alcanzan a ser tratados debidamente; adem\u00e1s de otras actividades que permitan una absoluta integraci\u00f3n para ayudar no solamente a los individuos, sino tambi\u00e9n a los familiares de quienes est\u00e1n padeciendo esta dolencia, que obviamente sobrecarga al individuo y a su entorno familiar.<\/p>\n","protected":false},"excerpt":{"rendered":"<p>Desde la -Direcci\u00f3n de Salud y Vivienda- de la Defensor\u00eda del Pueblo, se emiti\u00f3 la Resoluci\u00f3n Nro. 84\/18 mediante la cual se resolvi\u00f3 en su Art. 1\u00ba: Declarar de Inter\u00e9s Institucional del Organismo de la Constituci\u00f3n, la Caminata organizada por la Asociaci\u00f3n Civil sin fines de lucro \u201cPARKI- FORM\u201d, que tendr\u00e1 como slogan este a\u00f1o [&hellip;]<\/p>\n","protected":false},"author":1,"featured_media":7052,"comment_status":"closed","ping_status":"closed","sticky":false,"template":"","format":"standard","meta":{"footnotes":""},"categories":[4,1,6],"tags":[],"class_list":["post-7051","post","type-post","status-publish","format-standard","has-post-thumbnail","hentry","category-ddhh","category-noticias","category-salud"],"_links":{"self":[{"href":"https:\/\/defensoriaformosa.gob.ar\/index.php?rest_route=\/wp\/v2\/posts\/7051","targetHints":{"allow":["GET"]}}],"collection":[{"href":"https:\/\/defensoriaformosa.gob.ar\/index.php?rest_route=\/wp\/v2\/posts"}],"about":[{"href":"https:\/\/defensoriaformosa.gob.ar\/index.php?rest_route=\/wp\/v2\/types\/post"}],"author":[{"embeddable":true,"href":"https:\/\/defensoriaformosa.gob.ar\/index.php?rest_route=\/wp\/v2\/users\/1"}],"replies":[{"embeddable":true,"href":"https:\/\/defensoriaformosa.gob.ar\/index.php?rest_route=%2Fwp%2Fv2%2Fcomments&post=7051"}],"version-history":[{"count":1,"href":"https:\/\/defensoriaformosa.gob.ar\/index.php?rest_route=\/wp\/v2\/posts\/7051\/revisions"}],"predecessor-version":[{"id":7053,"href":"https:\/\/defensoriaformosa.gob.ar\/index.php?rest_route=\/wp\/v2\/posts\/7051\/revisions\/7053"}],"wp:featuredmedia":[{"embeddable":true,"href":"https:\/\/defensoriaformosa.gob.ar\/index.php?rest_route=\/wp\/v2\/media\/7052"}],"wp:attachment":[{"href":"https:\/\/defensoriaformosa.gob.ar\/index.php?rest_route=%2Fwp%2Fv2%2Fmedia&parent=7051"}],"wp:term":[{"taxonomy":"category","embeddable":true,"href":"https:\/\/defensoriaformosa.gob.ar\/index.php?rest_route=%2Fwp%2Fv2%2Fcategories&post=7051"},{"taxonomy":"post_tag","embeddable":true,"href":"https:\/\/defensoriaformosa.gob.ar\/index.php?rest_route=%2Fwp%2Fv2%2Ftags&post=7051"}],"curies":[{"name":"wp","href":"https:\/\/api.w.org\/{rel}","templated":true}]}}