{"id":7028,"date":"2018-04-06T16:57:33","date_gmt":"2018-04-06T19:57:33","guid":{"rendered":"http:\/\/2015.defensoriaformosa.gob.ar\/?p=7028"},"modified":"2018-04-06T16:58:24","modified_gmt":"2018-04-06T19:58:24","slug":"7028-2","status":"publish","type":"post","link":"https:\/\/defensoriaformosa.gob.ar\/?p=7028","title":{"rendered":"AFIRMARON DESDE LA DEFENSORIA DEL PUEBLO QUE ACOMPA\u00d1AN INSTITUCIONALMENTE A TODOS LOS QUE TRABAJAN REALMENTE PARA PREVENIR Y NEUTRALIZAR LAS AGRESIONES FISICAS Y PSICOLOGICAS EN LOS ESTABLECIMIENTOS EDUCATIVOS"},"content":{"rendered":"<p><strong>Frente a las manifestaciones vertidas por el Asesor de Menores, Abogado Jorge Enrique Padilla Tanco, en medios period\u00edsticos locales, desde la Defensoria del Pueblo se afirm\u00f3 que es necesario remarcar que, la oportuna y eficaz intervenci\u00f3n Institucional de la Unidad de Asistencia a la Victima y Testigos \u2013 U.A.V.T- dependiente de la Procuraci\u00f3n General, a cargo del Dr. Dante D. Navarrete, trabajando en red con otros equipos t\u00e9cnicos, tanto del Ministerio de Cultura y Educaci\u00f3n y el de Desarrollo Humano de la Provincia, en los primeros meses de este a\u00f1o, a lo que se le sum\u00f3 la -denuncia p\u00fablica- efectuada ante la prensa local y el impulso formalizado por el Sr. Procurador General del Superior Tribunal de Justicia, Dr. Sergio Rolando L\u00f3pez, para que se produzcan las pruebas tendientes a esclarecer el delito que se investiga en el Juzgado de Menores, en el cual, por imperio legal interviene como Asesor Jorge E. Padilla Tanco; justamente se lo hizo en el marco del respeto a las Instituciones, las funciones y facultades que le competen a cada una. <\/strong><\/p>\n<p><!--more--><\/p>\n<p>Aclarando, cuales son los impedimentos en los que se encuentra este Organismo de la Constituci\u00f3n y la misma familia \u2013 victima para poder controlar e impulsar el proceso. Asimismo, se\u00f1alamos al Asesor de Menores que todos los cuerpos que hemos intervenido de alguna manera en el conflicto que afecta a la menor que asiste a la E.P.E.S. N\u00ba 77, recibimos de la Sra. Damiana Maciel, Directora del Establecimiento Educativo, una nota de agradecimiento de id\u00e9ntico tenor a la exhibida por el citado, sin tener la necesidad de publicar la misma para justificar nuestra labor diaria. En este contexto, el Ombudsman Provincial, Jos\u00e9 Leonardo Gialluca se\u00f1alo que hubiera sido m\u00e1s atinado que el Asesor de Menores involucrado, efectuara una defensa de su gesti\u00f3n en la causa penal, enumerando los actos procesales instados por el mismo en forma oportuna en el proceso en tr\u00e1mite para as\u00ed lograr averiguar la verdad real de los hechos investigados y el cese de estas conductas, en lugar de vanagloriarse con una misiva de reconocimiento, como lo hizo. Siendo importante destacar, que en la actualidad la ni\u00f1a contin\u00faa recibiendo los ataques que dieron origen al expediente judicial \u201cAutores Ignorados s\/ Instigaci\u00f3n al Suicidio\u201d Expte. N\u00ba 843\/17 en la que interviene la Secretaria N\u00ba 2 a cargo de la Dra. Mar\u00eda Elena Quinteros. Raz\u00f3n por la cual, desde esta Defensoria del Pueblo lamentablemente se observa que el funcionario judicial que tiene la facultad y la obligaci\u00f3n legal de bregar por los derechos de la menor v\u00edctima no lo habr\u00eda hecho como deber\u00eda. Pareciera que el funcionario se preocupa m\u00e1s por refutar las opiniones y planteos que se realizan respecto de su desempe\u00f1o, que ocuparse de sus funciones diariamente; y es aqu\u00ed donde las ciudadanas que comparecieron por ante la Defensoria del Pueblo, nos plantearon que \u201cnecesitaban que la Justicia realmente haga algo\u201d y que se las atienda por parte del Asesor de Menores, \u201cya que las veces que fueron desde el a\u00f1o pasado, nunca lo encontraron en su despacho trabajando\u201d. Por ello desde este Organismo de la Constituci\u00f3n, hemos detectado -bullyng- en las escuelas de Clorinda donde el a\u00f1o pasado alumnas del Instituto Santa Catalina Labour\u00e9 concretaron un important\u00edsimo Proyecto de Investigaci\u00f3n desde la mirada de los estudiantes sobre el fen\u00f3meno del bullyng, sus formas de detectarlo, la prevenci\u00f3n, el rol de la escuela y otros puntos; como as\u00ed, en establecimientos de las Localidades de Riacho He He y de Ing. Ju\u00e1rez. En esta misma proyecci\u00f3n nos sumamos a las actividades de la Polic\u00eda Comunitaria que en diciembre del 2017 abordo la tem\u00e1tica de violencia intrafamiliar, grooming y bullyng a pedido de los Directivos del Jard\u00edn de Infantes N\u00ba 8 de esta ciudad, adem\u00e1s recopilamos antecedentes de la Licenciada en Psicolog\u00eda, Sandra Di Lucca; y este a\u00f1o continuaremos trabajando interinstitucionalmente como lo hacemos siempre con todos los Municipios y Comisiones de Fomento de nuestro interior provincial; pues tenemos muy presente que \u201cFormosa esta primera con respecto a casos de bullyng en la regi\u00f3n NEA seg\u00fan un estudio llevado a cabo por la ONG- Bullyng Sin Fronteras -que ha denunciado el crecimiento durante el a\u00f1o 2017 de un 30% de esta clase de intimidaciones en nuestro pa\u00eds\u201d. Nos continuaremos acompa\u00f1ando con el -Centro de Adolescencia- que pertenece al Ministerio de Desarrollo Humano y donde el Dr. Rub\u00e9n Vivas, especialista en adolescentes, conoce los numerosos casos de bullyng que se est\u00e1n produciendo en nuestra ciudad. Por ello recordamos al Asesor de Menores, Jorge E. Padilla Tanco, que nuestra intervenci\u00f3n obedeci\u00f3 a la solicitud de parte interesada frente a la falta de respuestas y contenci\u00f3n de quien se las deber\u00eda haber dado cuando m\u00e1s lo necesitaban.<\/p>\n","protected":false},"excerpt":{"rendered":"<p>Frente a las manifestaciones vertidas por el Asesor de Menores, Abogado Jorge Enrique Padilla Tanco, en medios period\u00edsticos locales, desde la Defensoria del Pueblo se afirm\u00f3 que es necesario remarcar que, la oportuna y eficaz intervenci\u00f3n Institucional de la Unidad de Asistencia a la Victima y Testigos \u2013 U.A.V.T- dependiente de la Procuraci\u00f3n General, a [&hellip;]<\/p>\n","protected":false},"author":1,"featured_media":7031,"comment_status":"closed","ping_status":"closed","sticky":false,"template":"","format":"standard","meta":{"footnotes":""},"categories":[4,1,6],"tags":[],"class_list":["post-7028","post","type-post","status-publish","format-standard","has-post-thumbnail","hentry","category-ddhh","category-noticias","category-salud"],"_links":{"self":[{"href":"https:\/\/defensoriaformosa.gob.ar\/index.php?rest_route=\/wp\/v2\/posts\/7028","targetHints":{"allow":["GET"]}}],"collection":[{"href":"https:\/\/defensoriaformosa.gob.ar\/index.php?rest_route=\/wp\/v2\/posts"}],"about":[{"href":"https:\/\/defensoriaformosa.gob.ar\/index.php?rest_route=\/wp\/v2\/types\/post"}],"author":[{"embeddable":true,"href":"https:\/\/defensoriaformosa.gob.ar\/index.php?rest_route=\/wp\/v2\/users\/1"}],"replies":[{"embeddable":true,"href":"https:\/\/defensoriaformosa.gob.ar\/index.php?rest_route=%2Fwp%2Fv2%2Fcomments&post=7028"}],"version-history":[{"count":2,"href":"https:\/\/defensoriaformosa.gob.ar\/index.php?rest_route=\/wp\/v2\/posts\/7028\/revisions"}],"predecessor-version":[{"id":7030,"href":"https:\/\/defensoriaformosa.gob.ar\/index.php?rest_route=\/wp\/v2\/posts\/7028\/revisions\/7030"}],"wp:featuredmedia":[{"embeddable":true,"href":"https:\/\/defensoriaformosa.gob.ar\/index.php?rest_route=\/wp\/v2\/media\/7031"}],"wp:attachment":[{"href":"https:\/\/defensoriaformosa.gob.ar\/index.php?rest_route=%2Fwp%2Fv2%2Fmedia&parent=7028"}],"wp:term":[{"taxonomy":"category","embeddable":true,"href":"https:\/\/defensoriaformosa.gob.ar\/index.php?rest_route=%2Fwp%2Fv2%2Fcategories&post=7028"},{"taxonomy":"post_tag","embeddable":true,"href":"https:\/\/defensoriaformosa.gob.ar\/index.php?rest_route=%2Fwp%2Fv2%2Ftags&post=7028"}],"curies":[{"name":"wp","href":"https:\/\/api.w.org\/{rel}","templated":true}]}}