{"id":7007,"date":"2018-04-03T16:05:54","date_gmt":"2018-04-03T19:05:54","guid":{"rendered":"http:\/\/2015.defensoriaformosa.gob.ar\/?p=7007"},"modified":"2018-04-03T16:05:54","modified_gmt":"2018-04-03T19:05:54","slug":"la-defensoria-del-pueblo-solicito-al-procurador-general-que-asesor-de-menores-adopte-con-celeridad-medidas-para-resolver-gravisimo-caso-de-bullyng-contra-una-menor-de-13-anos","status":"publish","type":"post","link":"https:\/\/defensoriaformosa.gob.ar\/?p=7007","title":{"rendered":"LA DEFENSORIA DEL PUEBLO SOLICITO AL PROCURADOR GENERAL QUE ASESOR DE MENORES ADOPTE CON CELERIDAD MEDIDAS PARA RESOLVER GRAVISIMO CASO DE BULLYNG CONTRA UNA MENOR DE 13 A\u00d1OS"},"content":{"rendered":"<p><strong>A partir del momento en que una adolescente de 13 a\u00f1os, v\u00edctima de bullying extremo y su madre biol\u00f3gica temiendo por su vida, la Tutora de la misma Sra. Tita Cuevas Ramona, Profesora de la EPES N\u00ba 77, concurri\u00f3 a la Defensoria del Pueblo, hace meses, donde se le brindo todo el asesoramiento gratuito necesario y se llevaron a cabo las gestiones correspondientes por ante el Ministerio de Cultura y Educaci\u00f3n para obtener un cambio de Colegio, logr\u00e1ndose el mismo en la EPES N\u00ba 54 \u201cGdor. Juan Jos\u00e9 Silva\u201d, pero por decisi\u00f3n de la menor, solo se efectivizo un cambio de turno en la EPES N\u00ba77. <\/strong><\/p>\n<p><!--more--><\/p>\n<p>Sin embargo los mensajes continuaron, conteniendo un alto nivel de violencia y amenazas. No hay un d\u00eda en que no reciba, por medio de las redes sociales o por su celular, agresiones incit\u00e1ndola a que se haga da\u00f1o y env\u00ede las fotos. En uno de los \u00faltimos mensajes le pidieron que termine con su vida. Viene sufriendo desde septiembre del a\u00f1o pasado en forma constante todos los meses hasta el d\u00eda de hoy grav\u00edsimos ataques. \u201cLa estoy acompa\u00f1ando a ella y a la madre porque sigue recibiendo las amenazas, le piden que se mate y le dicen que es un estorbo para la humanidad. Es una situaci\u00f3n terrible, que trauma a la ni\u00f1a\u201d (menciono la Tutora). La v\u00edctima es una chica responsable, estudiosa, comprometida y frontal, pero ante esta situaci\u00f3n su \u00e1nimo decay\u00f3. De todas maneras se presenta a declarar ante la Justicia y su madre celebr\u00f3 su valent\u00eda por las redes sociales pese que ya no es la misma joven alegre. Se la nota agresiva. \u201cAhora lo que la mam\u00e1 me dice es que ya le est\u00e1 afectando la salud. Pas\u00f3 a tercer a\u00f1o de la EPES N\u00ba 77 del Barrio Juan Manuel de Rosas, sigue con los mismos compa\u00f1eritos y se conocen todos. Es dif\u00edcil evitar el tema y no puede estar bien. Lo grave es que el acosador es alguien cercano debido al nivel de informaci\u00f3n que conoce. El que la amenaza sabe que cambi\u00f3 la Directora del Colegio, inclusive sabe cu\u00e1ndo se queda sola. La mam\u00e1 se ocup\u00f3 de sacarle su Netbook para que no tenga contacto con las redes sociales y sus compa\u00f1eros de escuela son los que le notifican los nuevos mensajes. La familia y los amigos de la joven est\u00e1n preocupados por su vida y quieren advertir el caso por si se repite en otro estudiante. Pedimos ayuda a todo el mundo porque es muy grave lo que est\u00e1 pasando, hoy es esta ni\u00f1a y ma\u00f1ana le puede suceder a otra m\u00e1s. Apelo a la sensibilidad de los magistrados para que se investigue lo m\u00e1s pronto posible\u201d.<br \/>\nEn este contexto desde la -Direcci\u00f3n de Ni\u00f1ez, Adolescencia, Seguridad Social, Adultos Mayores- de la Defensoria del Pueblo, se remiti\u00f3 la Actuaci\u00f3n N\u00ba 939\/18 al Procurador General del Superior Tribunal de Justicia, Dr. Sergio Rolando L\u00f3pez, porque Institucionalmente se\u00f1al\u00f3 el Defensor del Pueblo, Jos\u00e9 Leonardo Gialluca, entendemos que en este caso debe haber un mayor compromiso por parte del Asesor de Menores, Dr. Jorge Enrique Padilla Tanco, aun cuando el Juzgado de Primera Instancia de Menores de la Primera Circunscripci\u00f3n Judicial de la Provincia se encuentre vacante, existe un Juez Penal que es el Dr. Rub\u00e9n Spessot que est\u00e1 Subrogando el cargo y no es posible que conforme lo expresado por la madre, quien se ha apersonado en varias oportunidades al Juzgado de Menores y a la Asesor\u00eda se\u00f1alada, obteniendo siempre la misma respuesta, \u201cque no hab\u00eda novedades, que todav\u00eda no se ordenaron las medidas para realizar las pericias inform\u00e1ticas necesarias\u201d etc. Sic ; por lo cual Institucionalmente hemos decidido impulsar esta petici\u00f3n ya que el C\u00f3digo Procesal Penal no autoriza la figura del Querellante Particular en este tipo de procesos, coloc\u00e1ndose de esta manera actualmente a la v\u00edctima, en un estado de indefensi\u00f3n muy grave, pues no se puede intervenir en la investigaci\u00f3n en forma activa y a la fecha contin\u00faan produci\u00e9ndose los ataques denunciados hace mas de seis meses y sin expectativa de resoluci\u00f3n, siendo necesario que la Justicia act\u00fae con celeridad en hechos como el presente donde esta en juego la integridad psicof\u00edsica de una ni\u00f1a y en el cual las Instituciones deben dar el ejemplo de como resguardar a la misma y castigar con todo el peso de la ley al o a las\/los autores materiales e ideol\u00f3gicos de este delito, pues se corre el riesgo de que la menor en su actual estado de desamparo, adopte conductas que luego todos tengamos que lamentar y all\u00ed s\u00ed habr\u00e1 responsables tambi\u00e9n por retardo en impartir Justicia.<\/p>\n","protected":false},"excerpt":{"rendered":"<p>A partir del momento en que una adolescente de 13 a\u00f1os, v\u00edctima de bullying extremo y su madre biol\u00f3gica temiendo por su vida, la Tutora de la misma Sra. Tita Cuevas Ramona, Profesora de la EPES N\u00ba 77, concurri\u00f3 a la Defensoria del Pueblo, hace meses, donde se le brindo todo el asesoramiento gratuito necesario [&hellip;]<\/p>\n","protected":false},"author":1,"featured_media":7008,"comment_status":"closed","ping_status":"closed","sticky":false,"template":"","format":"standard","meta":{"footnotes":""},"categories":[4,1],"tags":[],"class_list":["post-7007","post","type-post","status-publish","format-standard","has-post-thumbnail","hentry","category-ddhh","category-noticias"],"_links":{"self":[{"href":"https:\/\/defensoriaformosa.gob.ar\/index.php?rest_route=\/wp\/v2\/posts\/7007","targetHints":{"allow":["GET"]}}],"collection":[{"href":"https:\/\/defensoriaformosa.gob.ar\/index.php?rest_route=\/wp\/v2\/posts"}],"about":[{"href":"https:\/\/defensoriaformosa.gob.ar\/index.php?rest_route=\/wp\/v2\/types\/post"}],"author":[{"embeddable":true,"href":"https:\/\/defensoriaformosa.gob.ar\/index.php?rest_route=\/wp\/v2\/users\/1"}],"replies":[{"embeddable":true,"href":"https:\/\/defensoriaformosa.gob.ar\/index.php?rest_route=%2Fwp%2Fv2%2Fcomments&post=7007"}],"version-history":[{"count":1,"href":"https:\/\/defensoriaformosa.gob.ar\/index.php?rest_route=\/wp\/v2\/posts\/7007\/revisions"}],"predecessor-version":[{"id":7009,"href":"https:\/\/defensoriaformosa.gob.ar\/index.php?rest_route=\/wp\/v2\/posts\/7007\/revisions\/7009"}],"wp:featuredmedia":[{"embeddable":true,"href":"https:\/\/defensoriaformosa.gob.ar\/index.php?rest_route=\/wp\/v2\/media\/7008"}],"wp:attachment":[{"href":"https:\/\/defensoriaformosa.gob.ar\/index.php?rest_route=%2Fwp%2Fv2%2Fmedia&parent=7007"}],"wp:term":[{"taxonomy":"category","embeddable":true,"href":"https:\/\/defensoriaformosa.gob.ar\/index.php?rest_route=%2Fwp%2Fv2%2Fcategories&post=7007"},{"taxonomy":"post_tag","embeddable":true,"href":"https:\/\/defensoriaformosa.gob.ar\/index.php?rest_route=%2Fwp%2Fv2%2Ftags&post=7007"}],"curies":[{"name":"wp","href":"https:\/\/api.w.org\/{rel}","templated":true}]}}