{"id":699,"date":"2015-03-28T16:00:37","date_gmt":"2015-03-28T19:00:37","guid":{"rendered":"http:\/\/2015.defensoriaformosa.gob.ar\/?p=699"},"modified":"2015-03-28T16:00:37","modified_gmt":"2015-03-28T19:00:37","slug":"solicito-la-defensoria-del-pueblo-a-gendarmeria-nacional-que-informe-si-existio-la-orden-de-liberar-alguna-zona-en-la-localidad-de-ingeniero-juarez-a-la-vera-de-la-ruta-nacional-no-8","status":"publish","type":"post","link":"https:\/\/defensoriaformosa.gob.ar\/?p=699","title":{"rendered":"SOLICITO LA DEFENSORIA DEL PUEBLO A GENDARMER\u00cdA NACIONAL QUE INFORME SI EXISTI\u00d3 LA ORDEN DE \u201cLIBERAR ALGUNA ZONA\u201d EN LA LOCALIDAD DE INGENIERO JUAREZ A LA VERA DE LA RUTA NACIONAL N\u00ba 81"},"content":{"rendered":"<p style=\"text-align: justify;\"><strong>La \u201cDirecci\u00f3n de Derechos Humanos- Discriminaci\u00f3n -Xenofobia \u2013Trata de Personas \u2013 Discapacidad\u201d, de la Defensor\u00eda del Pueblo de la Provincia de Formosa ante los acontecimientos que se sucedieron a la vera de la ruta nacional n 81 y en la que participaron grupos de abor\u00edgenes y fuerzas de seguridad nacionales y provinciales, siendo este el contexto en el cual el Senador Nacional Luis Naidenoff \u201cdenuncio que gendarmer\u00eda nacional hab\u00eda \u2013liberado la zona- para que se produzcan una serie de enfrentamientos\u201d. El Ombudsman provincial, remiti\u00f3 una formal Actuaci\u00f3n al Comandante de Gendarmer\u00eda Nacional, Jefe de la Agrupaci\u00f3n VI Formosa Cte. Myr. Jorge Luis Caligari, para que informe pormenorizadamente, si existi\u00f3 esta conducta y por quien habr\u00eda sido ordenada; ya que la misma, de haber existido constituye un grav\u00edsimo antecedente en esta materia.<\/strong><\/p>\n<p style=\"text-align: justify;\"><!--more--><\/p>\n<p style=\"text-align: justify;\">En la misma trama, la Defensor\u00eda del Pueblo, libro Oficios al Jefe de la Polic\u00eda de la Provincia a fin de que se env\u00eden todos los antecedentes que hubiere en la fuerza local como consecuencia de los hechos ocurrido el d\u00eda 24 de marzo en la Ciudad de Ingeniero Ju\u00e1rez.<\/p>\n<p style=\"text-align: justify;\">El Ombudsman provincial se\u00f1alo que nos hemos contactado con Delegados wichi del Barrio Obrero de Ingeniero Ju\u00e1rez y a los que le hemos ofrecido todos los espacios de di\u00e1logos y de resoluci\u00f3n de conflictos, para evitar cualquier tipo de provocaciones, ya que todo debe canalizarse Institucionalmente; a lo que se respondi\u00f3 que \u201cning\u00fan integrante de la Comunidad de la zona est\u00e1n de acuerdo con actos violentos y lo que si denunciamos, se\u00f1alaron algunos Representantes Abor\u00edgenes, es que algunas ONG y personas que no son del pueblo est\u00e1n asomando y llevan con mentiras a nuestros propios hermanos a querer crear situaciones de violencia con las que no estamos de acuerdo\u201d<\/p>\n<p style=\"text-align: justify;\">Desde el Organismo de la Constituci\u00f3n, se conformo una red de comunicaciones, con diferentes referentes ind\u00edgenas, de modo que podamos entre todos, prevenir y evitar cualquier situaci\u00f3n o acontecimiento que vulnere la paz social en nuestra provincia.<\/p>\n","protected":false},"excerpt":{"rendered":"<p>La \u201cDirecci\u00f3n de Derechos Humanos- Discriminaci\u00f3n -Xenofobia \u2013Trata de Personas \u2013 Discapacidad\u201d, de la Defensor\u00eda del Pueblo de la Provincia de Formosa ante los acontecimientos que se sucedieron a la vera de la ruta nacional n 81 y en la que participaron grupos de abor\u00edgenes y fuerzas de seguridad nacionales y provinciales, siendo este el [&hellip;]<\/p>\n","protected":false},"author":1,"featured_media":700,"comment_status":"closed","ping_status":"closed","sticky":false,"template":"","format":"standard","meta":{"footnotes":""},"categories":[4,1],"tags":[],"class_list":["post-699","post","type-post","status-publish","format-standard","has-post-thumbnail","hentry","category-ddhh","category-noticias"],"_links":{"self":[{"href":"https:\/\/defensoriaformosa.gob.ar\/index.php?rest_route=\/wp\/v2\/posts\/699","targetHints":{"allow":["GET"]}}],"collection":[{"href":"https:\/\/defensoriaformosa.gob.ar\/index.php?rest_route=\/wp\/v2\/posts"}],"about":[{"href":"https:\/\/defensoriaformosa.gob.ar\/index.php?rest_route=\/wp\/v2\/types\/post"}],"author":[{"embeddable":true,"href":"https:\/\/defensoriaformosa.gob.ar\/index.php?rest_route=\/wp\/v2\/users\/1"}],"replies":[{"embeddable":true,"href":"https:\/\/defensoriaformosa.gob.ar\/index.php?rest_route=%2Fwp%2Fv2%2Fcomments&post=699"}],"version-history":[{"count":1,"href":"https:\/\/defensoriaformosa.gob.ar\/index.php?rest_route=\/wp\/v2\/posts\/699\/revisions"}],"predecessor-version":[{"id":701,"href":"https:\/\/defensoriaformosa.gob.ar\/index.php?rest_route=\/wp\/v2\/posts\/699\/revisions\/701"}],"wp:featuredmedia":[{"embeddable":true,"href":"https:\/\/defensoriaformosa.gob.ar\/index.php?rest_route=\/wp\/v2\/media\/700"}],"wp:attachment":[{"href":"https:\/\/defensoriaformosa.gob.ar\/index.php?rest_route=%2Fwp%2Fv2%2Fmedia&parent=699"}],"wp:term":[{"taxonomy":"category","embeddable":true,"href":"https:\/\/defensoriaformosa.gob.ar\/index.php?rest_route=%2Fwp%2Fv2%2Fcategories&post=699"},{"taxonomy":"post_tag","embeddable":true,"href":"https:\/\/defensoriaformosa.gob.ar\/index.php?rest_route=%2Fwp%2Fv2%2Ftags&post=699"}],"curies":[{"name":"wp","href":"https:\/\/api.w.org\/{rel}","templated":true}]}}