{"id":662,"date":"2015-03-20T21:18:07","date_gmt":"2015-03-21T00:18:07","guid":{"rendered":"http:\/\/2015.defensoriaformosa.gob.ar\/?p=662"},"modified":"2015-03-20T21:18:07","modified_gmt":"2015-03-21T00:18:07","slug":"seguridad-vial","status":"publish","type":"post","link":"https:\/\/defensoriaformosa.gob.ar\/?p=662","title":{"rendered":"SEGURIDAD VIAL"},"content":{"rendered":"<p><strong>Recomendaciones de la Defensor\u00eda para el fin de semana largo<\/strong><\/p>\n<p><!--more--><\/p>\n<p style=\"text-align: justify;\">Ya en la jornada de ayer, hay quienes han optado por aprovechar el fin de semana largo, con el feriado puente, para trasladarse a diferentes puntos del interior provincial y diversos puntos del pa\u00eds y otros m\u00e1s partir\u00e1n en el d\u00eda de la fecha o d\u00edas sucesivos. Es por ello que, desde el \u00c1rea de Seguridad Vial de la Defensor\u00eda del Pueblo, se cree conveniente formular unas sencillas recomendaciones a los viajeros a fin de que eviten demoras y\/o accidentes. Primeramente, desde el Organismo de la Constituci\u00f3n, se remarc\u00f3 que el 75 % de los siniestros viales, en rutas, se produce en horas de la noche, por lo que debe saberse que, al viajar en horas del d\u00eda, se reduce enormemente el riesgo de accidentes. Lo mismo puede decirse de los d\u00edas lluviosos pues la calzada mojada determina un riesgo mayor. En cuanto a la documentaci\u00f3n que es obligatoria portar se encuentran, los documentos nacionales de identidad. Para los que se desplacen en veh\u00edculos, deben contar con la c\u00e9dula verde, el registro de conducir, el seguro obligatorio y en caso de que el veh\u00edculo posea una antig\u00fcedad mayor a los tres a\u00f1os, la constancia de Revisi\u00f3n T\u00e9cnica Obligatoria (RTO). Asimismo se record\u00f3 que es obligatorio el uso del cintur\u00f3n de seguridad de todos los ocupantes del autom\u00f3vil, como as\u00ed tambi\u00e9n el desplazarse con las luces bajas del automotor encendidas, en todo momento. Si viajan menores, adem\u00e1s de los DNI de los mismos, se deber\u00e1 contar con una copia legalizada de la partida de nacimiento (actualizada en los \u00faltimos seis meses si uno solo de los padres figura en la misma), libreta de familia, si la tuvieren y de acompa\u00f1arlo uno solo de los padres, con intenciones de salir del pa\u00eds, la autorizaci\u00f3n del otro progenitor hecha por el Poder Judicial o Escriban\u00eda.<\/p>\n<p style=\"text-align: justify;\">Desde la Defensor\u00eda se record\u00f3, adem\u00e1s, que el n\u00famero 911, se ha unificado en todo el pa\u00eds, para la atenci\u00f3n de cualquier tipo de emergencia vinculada con la seguridad de las personas o los bienes y las personas podr\u00e1n comunicarse con dicha l\u00ednea, desde cualquier punto del territorio nacional, donde ser\u00e1n atendidos por la autoridad policial m\u00e1s cercana al lugar donde se encuentran. Finalmente, el Defensor del Pueblo, Jos\u00e9 Leonardo Gialluca, realiz\u00f3 una fuerte exhortaci\u00f3n a quienes se ponen al mando de un automotor sea en la ciudad o en las rutas, en cuanto a que no ingieran bebidas alcoh\u00f3licas antes de manejar, pues la misma disminuye los reflejos y la capacidad de reacci\u00f3n de los conductores, poniendo en peligro no solo a los mismos y a quienes transportan, sino a la comunidad en general, que se ve expuesta a los da\u00f1os que pudiera causar tal conducta imprudente.<\/p>\n<p>&nbsp;<\/p>\n<figure id=\"attachment_664\" aria-describedby=\"caption-attachment-664\" style=\"width: 450px\" class=\"wp-caption aligncenter\"><img loading=\"lazy\" decoding=\"async\" class=\"wp-image-664 size-full\" src=\"https:\/\/2015.defensoriaformosa.gob.ar\/wp-content\/uploads\/2015\/03\/finde.jpg\" alt=\"finde\" width=\"450\" height=\"157\" srcset=\"https:\/\/defensoriaformosa.gob.ar\/wp-content\/uploads\/2015\/03\/finde.jpg 450w, https:\/\/defensoriaformosa.gob.ar\/wp-content\/uploads\/2015\/03\/finde-300x105.jpg 300w\" sizes=\"auto, (max-width: 450px) 100vw, 450px\" \/><figcaption id=\"caption-attachment-664\" class=\"wp-caption-text\">LA CALZADA MOJADA AL IGUAL QUE EL CONDUCIR DE NOCHE AUMENTAN LA POSIBILIDAD DE SUFRIR ACCIDENTES<\/figcaption><\/figure>\n<p>&nbsp;<\/p>\n<p>&nbsp;<\/p>\n","protected":false},"excerpt":{"rendered":"<p>Recomendaciones de la Defensor\u00eda para el fin de semana largo<\/p>\n","protected":false},"author":1,"featured_media":663,"comment_status":"closed","ping_status":"closed","sticky":false,"template":"","format":"standard","meta":{"footnotes":""},"categories":[7,3],"tags":[],"class_list":["post-662","post","type-post","status-publish","format-standard","has-post-thumbnail","hentry","category-seguridad-vial","category-defensa-de-los-derechos-del-usuario-consumidor-contribuyentes"],"_links":{"self":[{"href":"https:\/\/defensoriaformosa.gob.ar\/index.php?rest_route=\/wp\/v2\/posts\/662","targetHints":{"allow":["GET"]}}],"collection":[{"href":"https:\/\/defensoriaformosa.gob.ar\/index.php?rest_route=\/wp\/v2\/posts"}],"about":[{"href":"https:\/\/defensoriaformosa.gob.ar\/index.php?rest_route=\/wp\/v2\/types\/post"}],"author":[{"embeddable":true,"href":"https:\/\/defensoriaformosa.gob.ar\/index.php?rest_route=\/wp\/v2\/users\/1"}],"replies":[{"embeddable":true,"href":"https:\/\/defensoriaformosa.gob.ar\/index.php?rest_route=%2Fwp%2Fv2%2Fcomments&post=662"}],"version-history":[{"count":1,"href":"https:\/\/defensoriaformosa.gob.ar\/index.php?rest_route=\/wp\/v2\/posts\/662\/revisions"}],"predecessor-version":[{"id":665,"href":"https:\/\/defensoriaformosa.gob.ar\/index.php?rest_route=\/wp\/v2\/posts\/662\/revisions\/665"}],"wp:featuredmedia":[{"embeddable":true,"href":"https:\/\/defensoriaformosa.gob.ar\/index.php?rest_route=\/wp\/v2\/media\/663"}],"wp:attachment":[{"href":"https:\/\/defensoriaformosa.gob.ar\/index.php?rest_route=%2Fwp%2Fv2%2Fmedia&parent=662"}],"wp:term":[{"taxonomy":"category","embeddable":true,"href":"https:\/\/defensoriaformosa.gob.ar\/index.php?rest_route=%2Fwp%2Fv2%2Fcategories&post=662"},{"taxonomy":"post_tag","embeddable":true,"href":"https:\/\/defensoriaformosa.gob.ar\/index.php?rest_route=%2Fwp%2Fv2%2Ftags&post=662"}],"curies":[{"name":"wp","href":"https:\/\/api.w.org\/{rel}","templated":true}]}}