{"id":644,"date":"2015-03-18T17:29:10","date_gmt":"2015-03-18T20:29:10","guid":{"rendered":"http:\/\/2015.defensoriaformosa.gob.ar\/?p=644"},"modified":"2015-03-19T10:50:38","modified_gmt":"2015-03-19T13:50:38","slug":"se-presento-proyecto-de-ordenanza-pidiendo-prohibir-el-cobro-de-recargos-o-plus-en-las-cargas-virtuales-de-telefonia-celular","status":"publish","type":"post","link":"https:\/\/defensoriaformosa.gob.ar\/?p=644","title":{"rendered":"SE PRESENTO PROYECTO DE ORDENANZA PIDIENDO PROHIBIR EL COBRO DE\u201d RECARGOS O PLUS\u201d EN LAS CARGAS VIRTUALES DE TELEFONIA CELULAR"},"content":{"rendered":"<p style=\"text-align: justify;\"><strong>Se expreso desde la -Direcci\u00f3n de Derechos del Consumidor, Usuario y Contribuyentes, Relaciones de Consumo- de la Defensor\u00eda del Pueblo de la Provincia de Formosa, que el Proyecto de Ordenanza presentado por ante el Presidente del Honorable Concejo Deliberante de la Ciudad de Formosa, Sr. Hugo Garc\u00eda, haciendo uso de las facultades de Iniciativa Legislativa del Organismo de la Constituci\u00f3n\u00a0 y por el cual se pide la aprobaci\u00f3n de un Instrumento normativo mediante el cual se impida el cobro de \u201cadicionales o plus\u201d en cualquier\u00a0 tipo de comercio\u00a0 de la ciudad donde se realicen cargas virtuales de telefon\u00eda celular, como as\u00ed tambi\u00e9n la venta de tarjetas telef\u00f3nicas.<\/strong><br \/>\n<!--more--><\/p>\n<p>El Ombudsman Provincial, Dr. Jos\u00e9 Leonardo Gialluca, considero que est\u00e1 dispuesto a asistir al Concejo Deliberante para ilustrar los fundamentos normativos por los cuales este Proyecto de Ordenanza deber\u00eda ser aprobado sin mayores contratiempos y de esta manera el legislativo municipal, estar\u00eda brindando una clara y contundente protecci\u00f3n a los derechos econ\u00f3micos de todos los consumidores y usuarios de telefon\u00eda m\u00f3vil de nuestra ciudad capital.<br \/>\nA\u00f1adi\u00f3 el funcionario que en base a la Ley de Defensa del Consumidor N\u00ba 24.240 y su modificatoria N\u00ba 26.361, los comerciantes habilitados y que est\u00e1n vinculados con los proveedores de saldos virtuales, no pueden legalmente pretender cobrar como lo est\u00e1n haciendo hasta la fecha, ning\u00fan tipo de \u201cadicional o recarga\u201d. De hacerlo, adem\u00e1s de violentar las leyes antes citadas, tambi\u00e9n su conducta infringe la Ley N\u00ba 22.802, de Lealtad Comercial y la Ley N\u00ba 25.156 de Defensa de la Competencia, adem\u00e1s del\u00a0 Articulo 42 de la Constituci\u00f3n Nacional que establece una obligaci\u00f3n de amplio alcance; \u201cque es la protecci\u00f3n de los Derechos de los Consumidores\u00a0 que implica el deber constitucional que recae sobre todas las autoridades p\u00fablicas, de promover el control y resguardo de los mismos\u201d.<br \/>\nAbundo que el cobro de este adicional por parte de los comercios \u201cha dejado de ser una pr\u00e1ctica clandestina, llegando en todos los lugares a exhibirse carteles que advierten de la ilegalidad de sus conductas registrando el monto del plus que cobran por recarga bajo la condici\u00f3n de no realizar la misma; y ante esta ilegalidad no podemos permanecer en una actitud pasiva\u201d.<br \/>\nEsto que pasa a constituirse en algo inaceptable, debe tener su correlato en la aprobaci\u00f3n del Proyecto de Ordenanza por parte del Concejo Deliberante, pues todos estos comercios perciben ya una ganancia pactada con las empresas proveedoras del servicio, y adem\u00e1s en nuestra ciudad, los tel\u00e9fonos celulares son de utilizaci\u00f3n masiva como un instrumento de trabajo y por ello todos aquellos que cobran un \u201cplus o adicional\u201d, est\u00e1n incurriendo en pr\u00e1cticas abusivas y deber\u00e1n ser sancionados, pues es lo que pedimos los consumidores en nuestro mercado local en lo que respecta a cualquier tipo de transacci\u00f3n, y en las cuales \u2013 la transparencia se constituye en fundamental-, para no caer en distorsiones y\/o conductas ilegales e indebidas y adem\u00e1s para evitar que nos est\u00e9n robando desvergonzadamente<\/p>\n","protected":false},"excerpt":{"rendered":"<p>Se expreso desde la -Direcci\u00f3n de Derechos del Consumidor, Usuario y Contribuyentes, Relaciones de Consumo- de la Defensor\u00eda del Pueblo de la Provincia de Formosa, que el Proyecto de Ordenanza presentado por ante el Presidente del Honorable Concejo Deliberante de la Ciudad de Formosa, Sr. Hugo Garc\u00eda, haciendo uso de las facultades de Iniciativa Legislativa [&hellip;]<\/p>\n","protected":false},"author":1,"featured_media":647,"comment_status":"closed","ping_status":"closed","sticky":false,"template":"","format":"standard","meta":{"footnotes":""},"categories":[1,3],"tags":[],"class_list":["post-644","post","type-post","status-publish","format-standard","has-post-thumbnail","hentry","category-noticias","category-defensa-de-los-derechos-del-usuario-consumidor-contribuyentes"],"_links":{"self":[{"href":"https:\/\/defensoriaformosa.gob.ar\/index.php?rest_route=\/wp\/v2\/posts\/644","targetHints":{"allow":["GET"]}}],"collection":[{"href":"https:\/\/defensoriaformosa.gob.ar\/index.php?rest_route=\/wp\/v2\/posts"}],"about":[{"href":"https:\/\/defensoriaformosa.gob.ar\/index.php?rest_route=\/wp\/v2\/types\/post"}],"author":[{"embeddable":true,"href":"https:\/\/defensoriaformosa.gob.ar\/index.php?rest_route=\/wp\/v2\/users\/1"}],"replies":[{"embeddable":true,"href":"https:\/\/defensoriaformosa.gob.ar\/index.php?rest_route=%2Fwp%2Fv2%2Fcomments&post=644"}],"version-history":[{"count":2,"href":"https:\/\/defensoriaformosa.gob.ar\/index.php?rest_route=\/wp\/v2\/posts\/644\/revisions"}],"predecessor-version":[{"id":648,"href":"https:\/\/defensoriaformosa.gob.ar\/index.php?rest_route=\/wp\/v2\/posts\/644\/revisions\/648"}],"wp:featuredmedia":[{"embeddable":true,"href":"https:\/\/defensoriaformosa.gob.ar\/index.php?rest_route=\/wp\/v2\/media\/647"}],"wp:attachment":[{"href":"https:\/\/defensoriaformosa.gob.ar\/index.php?rest_route=%2Fwp%2Fv2%2Fmedia&parent=644"}],"wp:term":[{"taxonomy":"category","embeddable":true,"href":"https:\/\/defensoriaformosa.gob.ar\/index.php?rest_route=%2Fwp%2Fv2%2Fcategories&post=644"},{"taxonomy":"post_tag","embeddable":true,"href":"https:\/\/defensoriaformosa.gob.ar\/index.php?rest_route=%2Fwp%2Fv2%2Ftags&post=644"}],"curies":[{"name":"wp","href":"https:\/\/api.w.org\/{rel}","templated":true}]}}