{"id":625,"date":"2015-03-15T22:01:06","date_gmt":"2015-03-16T01:01:06","guid":{"rendered":"http:\/\/2015.defensoriaformosa.gob.ar\/?p=625"},"modified":"2015-03-15T22:01:13","modified_gmt":"2015-03-16T01:01:13","slug":"desde-la-defensoria-del-pueblo-se-rechazo-todo-tipo-de-violencia-en-torno-al-conflicto-sindical-en-el-que-se-encontraria-involucrada-la-arenera-del-litoral","status":"publish","type":"post","link":"https:\/\/defensoriaformosa.gob.ar\/?p=625","title":{"rendered":"DESDE LA DEFENSORIA DEL PUEBLO SE RECHAZO TODO TIPO DE VIOLENCIA EN TORNO AL CONFLICTO SINDICAL EN EL QUE SE ENCONTRARIA INVOLUCRADA LA \u201cARENERA DEL LITORAL\u201d"},"content":{"rendered":"<p style=\"text-align: justify;\"><strong>Desde la Defensor\u00eda del Pueblo de la Provincia de Formosa, m\u00e1s precisamente desde su \u2013Direcci\u00f3n de Derechos Humanos y Grupos Minoritarios \u2013 Discriminaci\u00f3n, Xenofobia \u2013 Trata de Personas- Discapacidad \u2013 repudiaron el cobarde ataque a la casa particular del Abogado Alfredo Fernandez Bedoya, hecho sucedido este fin de semana y que podr\u00eda estar relacionado con un conflicto sindical a nivel Local.<\/strong><\/p>\n<p style=\"text-align: justify;\"><!--more--><\/p>\n<p style=\"text-align: justify;\">El Ombudsman Provincial Dr. Jos\u00e9 Leonardo Gialluca; se\u00f1alo que la sede del Organismo de la Constituci\u00f3n Provincial, tambien fue objeto el d\u00eda s\u00e1bado 14 del corriente a\u00f1o en horas de la noche de una maniobra \u201cque consisti\u00f3 en arrojar centenares de volantes confeccionados en hojas A4 y en donde an\u00f3nimamente se dirig\u00edan los mismos \u2013 A LA OPINION PUBLICA \u2013 NO SOMOS PIQUETEROS \u2013 NO SOMOS PATOTEROS \u2013 NO QUEREMOS SER MAS ESCLAVOS \u2013 NO QUEREMOS MAS SER EXTORISIONADOS \u2013 SOMOS TRABAJADORES FORMOSE\u00d1OS. La otra \u201cpanfleteada\u201d en el patio interno de la Defensor\u00eda del Pueblo se\u00f1alaba (FURZA FORMOSE\u00d1OS !!! \u2013 A LOS TRABAJADORES DE \u201cARENERA DEL LITORAL\u201d DE RIGUETTI Claudia Rita ( Pedido de Afiliaci\u00f3n Gremial y reacci\u00f3n de la seudo empresaria Riguetti y del Sr. Gomez Jorge).<\/p>\n<p style=\"text-align: justify;\">Desde el Organismo de la Constituci\u00f3n, se se\u00f1alo que dada las grav\u00edsimas denuncias concretadas a trav\u00e9s de estos volantes y en donde se indica hasta la existencia de un posible hecho de muerte de un obrero en la Arenera antes citada, cuyo cuerpo habr\u00eda sido luego trasladado hacia Alberdi a lo que se le suman la menci\u00f3n de denuncias realizadas, pero nunca investigadas como es la de contrabando desde Paraguay y tambi\u00e9n la de supuestas persecuciones y discriminaciones laborales que estar\u00edan padeciendo los empleados de Arenera del Litoral; \u201clos antecedentes ser\u00e1n puesto a disposici\u00f3n de la Justicia Penal Local y tambi\u00e9n de la Justicia Federal por hechos de su competencia, para que los Fiscales en caso de corresponder, Ordenen las medidas pertinentes \u2013 mas all\u00e1 del conflicto sindical existente \u2013 donde el Defensor del Pueblo se\u00f1alo que nada justifica el atacar una casa particular y por otro lado estos acontecimientos deben ser investigados por la v\u00eda Judicial hasta sus \u00faltimas consecuencias ya que, tanto empresarios como trabajadores poseen obligaciones y derechos y nada amerita que se ponga en riesgo la integridad psicof\u00edsica de personas que realizan diferentes trabajos para ganarse dentro de la Ley su salario digno.<\/p>\n","protected":false},"excerpt":{"rendered":"<p>Desde la Defensor\u00eda del Pueblo de la Provincia de Formosa, m\u00e1s precisamente desde su \u2013Direcci\u00f3n de Derechos Humanos y Grupos Minoritarios \u2013 Discriminaci\u00f3n, Xenofobia \u2013 Trata de Personas- Discapacidad \u2013 repudiaron el cobarde ataque a la casa particular del Abogado Alfredo Fernandez Bedoya, hecho sucedido este fin de semana y que podr\u00eda estar relacionado con [&hellip;]<\/p>\n","protected":false},"author":1,"featured_media":626,"comment_status":"closed","ping_status":"closed","sticky":false,"template":"","format":"standard","meta":{"footnotes":""},"categories":[4,1],"tags":[],"class_list":["post-625","post","type-post","status-publish","format-standard","has-post-thumbnail","hentry","category-ddhh","category-noticias"],"_links":{"self":[{"href":"https:\/\/defensoriaformosa.gob.ar\/index.php?rest_route=\/wp\/v2\/posts\/625","targetHints":{"allow":["GET"]}}],"collection":[{"href":"https:\/\/defensoriaformosa.gob.ar\/index.php?rest_route=\/wp\/v2\/posts"}],"about":[{"href":"https:\/\/defensoriaformosa.gob.ar\/index.php?rest_route=\/wp\/v2\/types\/post"}],"author":[{"embeddable":true,"href":"https:\/\/defensoriaformosa.gob.ar\/index.php?rest_route=\/wp\/v2\/users\/1"}],"replies":[{"embeddable":true,"href":"https:\/\/defensoriaformosa.gob.ar\/index.php?rest_route=%2Fwp%2Fv2%2Fcomments&post=625"}],"version-history":[{"count":1,"href":"https:\/\/defensoriaformosa.gob.ar\/index.php?rest_route=\/wp\/v2\/posts\/625\/revisions"}],"predecessor-version":[{"id":627,"href":"https:\/\/defensoriaformosa.gob.ar\/index.php?rest_route=\/wp\/v2\/posts\/625\/revisions\/627"}],"wp:featuredmedia":[{"embeddable":true,"href":"https:\/\/defensoriaformosa.gob.ar\/index.php?rest_route=\/wp\/v2\/media\/626"}],"wp:attachment":[{"href":"https:\/\/defensoriaformosa.gob.ar\/index.php?rest_route=%2Fwp%2Fv2%2Fmedia&parent=625"}],"wp:term":[{"taxonomy":"category","embeddable":true,"href":"https:\/\/defensoriaformosa.gob.ar\/index.php?rest_route=%2Fwp%2Fv2%2Fcategories&post=625"},{"taxonomy":"post_tag","embeddable":true,"href":"https:\/\/defensoriaformosa.gob.ar\/index.php?rest_route=%2Fwp%2Fv2%2Ftags&post=625"}],"curies":[{"name":"wp","href":"https:\/\/api.w.org\/{rel}","templated":true}]}}