{"id":622,"date":"2015-03-15T21:59:10","date_gmt":"2015-03-16T00:59:10","guid":{"rendered":"http:\/\/2015.defensoriaformosa.gob.ar\/?p=622"},"modified":"2015-03-15T21:59:10","modified_gmt":"2015-03-16T00:59:10","slug":"desde-la-defensoria-del-pueblo-se-rescato-el-inicio-de-la-construccion-del-gasoducto-del-nea-y-se-pidio-en-san-juan-por-la-incorporacion-y-reactivacion-del-ramal-c-25-belgrano-cargas","status":"publish","type":"post","link":"https:\/\/defensoriaformosa.gob.ar\/?p=622","title":{"rendered":"DESDE LA DEFENSORIA DEL PUEBLO SE RESCATO EL INICIO DE LA CONSTRUCCION DEL GASODUCTO DEL NEA Y SE PIDIO EN SAN JUAN POR LA INCORPORACION Y REACTIVACION DEL RAMAL C-25 BELGRANO CARGAS"},"content":{"rendered":"<p style=\"text-align: justify;\"><strong>Desde la Defensor\u00eda del Pueblo, de la Provincia de Formosa, m\u00e1s precisamente desde su \u2013 Direcci\u00f3n de Derechos del Consumidor, Usuario y Contribuyentes, Relaciones de Consumo-, se record\u00f3 que ya en el a\u00f1o 2003 el Ex Presidente Nestor Kirchner hab\u00eda firmado un Convenio con la Empresa Techint, en la ciudad de Rosario para que todo el norte Argentino incluido Formosa, podamos tener gas natural por redes.<\/strong><\/p>\n<p style=\"text-align: justify;\"><!--more--><\/p>\n<p style=\"text-align: justify;\">El Ombudsman Provincial, Dr. Jos\u00e9 Leonardo Gialluca, quien con su Equipo de Trabajo recorrieron los obradores existentes en la localidad de Ing. Ju\u00e1rez, y en donde el funcionario aseguro \u201cque esto es para todos aquellos que hab\u00edan tildado a las obras del Gasoducto Troncal del Nordeste, como el Gasoducto de la mentira y que nunca llegar\u00eda a nuestra tierra\u201d.<\/p>\n<p style=\"text-align: justify;\">Los formose\u00f1os asistimos ahora al lugar donde se realizo esta primera soldadura, que se encuentra ubicado a 7 km de la Localidad de Ing. Ju\u00e1rez y a 400 metros de la Ruta Nacional N\u00ba 81 totalmente pavimentada.<\/p>\n<p style=\"text-align: justify;\">Este ducto tendr\u00e1 tres etapas para totalizar unos 15 mil kil\u00f3metros de distribuci\u00f3n domiciliaria y dar\u00e1 trabajo por m\u00e1s de dos a\u00f1os a la industria sider\u00fargica nacional, que fabricar\u00e1 m\u00e1s de 20 mil kil\u00f3metros de ca\u00f1os. Beneficiar\u00e1 no s\u00f3lo a territorios provinciales de la regi\u00f3n sino y por primera vez a la poblaci\u00f3n de todas las localidades provinciales.<\/p>\n<p style=\"text-align: justify;\">Por ello desde la Defensor\u00eda del Pueblo, decimos que \u201ccuando se quiere, se puede y vamos ahora por mas ya que hemos insistido en la provincia de San Juan, en el Primer Plenario de Defensores del Pueblo de la Rep\u00fablica Argentina- ADPRA-, con la inclusi\u00f3n urgente y real del Ramal C-25, para la Provincia de Formosa, y no nos amedrenta las manifestaciones por ejemplo del Ing. Sesma quien se\u00f1al\u00f3 su desconfianza y dijo que \u201chasta no verlo\u201d es dif\u00edcil de creer en que el GNEA sea una realidad.<\/p>\n<p style=\"text-align: justify;\">Este gasoducto puede alimentar toda esta regi\u00f3n para uso residencial, industrial, comercial y vehicular entre otras cosas.<\/p>\n<p style=\"text-align: justify;\">En lo que respecta a la reactivaci\u00f3n del Ramal C- 25 del Ferrocarril General Belgrano, la sensaci\u00f3n de regocijo fue muy grande all\u00e1 por el 2012 cuando los trabajos del tendido de redes f\u00e9rreas, comenzaron desde la localidad de Mariano Boedo y posteriormente el propio Juli\u00e1n La Roca Gerente de Planeamiento de Belgrano Cargas y Log\u00edstica S.A nos confirmaba que el Ramal C-25 hab\u00eda sido excluido del Plan de Obras que el Estado Nacional tiene previsto para la recuperaci\u00f3n operativa de los servicios de trenes de pasajeros y de carga , a la par que se anunciaba que el Chaco recibir\u00eda \u00edntegramente la primer cuota del pr\u00e9stamo de 2.099 millones de d\u00f3lares para que se construyan 670 Km. de v\u00edas f\u00e9rreas, se incorporen 100 locomotoras y se recuperen 3.200 vagones., noticia que, realmente nos indign\u00f3. Y antes que alguno piense que actuamos como \u201cEl Perro del Hortelano\u201d, afirmamos, para finalizar, que la Defensor\u00eda de Formosa aplaude la rehabilitaci\u00f3n de cada metro de v\u00eda en territorio argentino, que se realice con un sentido de patria, para fomentar el desarrollo de la producci\u00f3n y fundamentalmente el de la industria y no como se ha venido haciendo hist\u00f3ricamente, para, literalmente, succionar la materia prima nacional con intereses meramente concentradores situados en el Puerto de Buenos Aires. En este sentido, solicitamos a nuestros pares de la Asociaci\u00f3n, el dictado de una Declaraci\u00f3n que iguale los derechos de todos los habitantes del NEA y NOA, en cuanto a la disponibilidad del servicio de transporte ferroviario de pasajeros y cargas, para lo cual el Estado Nacional, por intermedio del Ministerio del Interior y Transporte de la Naci\u00f3n, deber\u00e1 incluir, expresamente, al Ramal C-25, en el Plan de Obras de Reactivaci\u00f3n del Ferrocarril Belgrano, en el marco de un proceso de re estatizaci\u00f3n de los servicios ferroviarios, recientemente dispuesto, por la Presidenta de la Naci\u00f3n.<\/p>\n","protected":false},"excerpt":{"rendered":"<p>Desde la Defensor\u00eda del Pueblo, de la Provincia de Formosa, m\u00e1s precisamente desde su \u2013 Direcci\u00f3n de Derechos del Consumidor, Usuario y Contribuyentes, Relaciones de Consumo-, se record\u00f3 que ya en el a\u00f1o 2003 el Ex Presidente Nestor Kirchner hab\u00eda firmado un Convenio con la Empresa Techint, en la ciudad de Rosario para que todo [&hellip;]<\/p>\n","protected":false},"author":1,"featured_media":623,"comment_status":"closed","ping_status":"closed","sticky":false,"template":"","format":"standard","meta":{"footnotes":""},"categories":[1,3],"tags":[],"class_list":["post-622","post","type-post","status-publish","format-standard","has-post-thumbnail","hentry","category-noticias","category-defensa-de-los-derechos-del-usuario-consumidor-contribuyentes"],"_links":{"self":[{"href":"https:\/\/defensoriaformosa.gob.ar\/index.php?rest_route=\/wp\/v2\/posts\/622","targetHints":{"allow":["GET"]}}],"collection":[{"href":"https:\/\/defensoriaformosa.gob.ar\/index.php?rest_route=\/wp\/v2\/posts"}],"about":[{"href":"https:\/\/defensoriaformosa.gob.ar\/index.php?rest_route=\/wp\/v2\/types\/post"}],"author":[{"embeddable":true,"href":"https:\/\/defensoriaformosa.gob.ar\/index.php?rest_route=\/wp\/v2\/users\/1"}],"replies":[{"embeddable":true,"href":"https:\/\/defensoriaformosa.gob.ar\/index.php?rest_route=%2Fwp%2Fv2%2Fcomments&post=622"}],"version-history":[{"count":1,"href":"https:\/\/defensoriaformosa.gob.ar\/index.php?rest_route=\/wp\/v2\/posts\/622\/revisions"}],"predecessor-version":[{"id":624,"href":"https:\/\/defensoriaformosa.gob.ar\/index.php?rest_route=\/wp\/v2\/posts\/622\/revisions\/624"}],"wp:featuredmedia":[{"embeddable":true,"href":"https:\/\/defensoriaformosa.gob.ar\/index.php?rest_route=\/wp\/v2\/media\/623"}],"wp:attachment":[{"href":"https:\/\/defensoriaformosa.gob.ar\/index.php?rest_route=%2Fwp%2Fv2%2Fmedia&parent=622"}],"wp:term":[{"taxonomy":"category","embeddable":true,"href":"https:\/\/defensoriaformosa.gob.ar\/index.php?rest_route=%2Fwp%2Fv2%2Fcategories&post=622"},{"taxonomy":"post_tag","embeddable":true,"href":"https:\/\/defensoriaformosa.gob.ar\/index.php?rest_route=%2Fwp%2Fv2%2Ftags&post=622"}],"curies":[{"name":"wp","href":"https:\/\/api.w.org\/{rel}","templated":true}]}}