{"id":619,"date":"2015-03-14T19:09:43","date_gmt":"2015-03-14T22:09:43","guid":{"rendered":"http:\/\/2015.defensoriaformosa.gob.ar\/?p=619"},"modified":"2015-03-14T19:09:43","modified_gmt":"2015-03-14T22:09:43","slug":"dia-mundial-del-consumidor","status":"publish","type":"post","link":"https:\/\/defensoriaformosa.gob.ar\/?p=619","title":{"rendered":"DIA MUNDIAL DEL CONSUMIDOR"},"content":{"rendered":"<p><strong>La Defensor\u00eda realizara una jornada de informaci\u00f3n y asesoramiento en la Planza San Mart\u00edn.<\/strong><\/p>\n<p><!--more--><\/p>\n<p style=\"text-align: justify;\">La Defensor\u00eda del Pueblo de la Provincia, en el d\u00eda de la fecha, con motivo de conmemorarse este 15 de marzo del 2015, el D\u00eda Mundial de los Derechos del Consumidor, realizar\u00e1 en la Plaza San Mart\u00edn, en horas de la tarde, una Jornada de Informaci\u00f3n y Asesoramiento, sobre la ampliaci\u00f3n de derechos y prerrogativas que hemos logrado en los \u00faltimos a\u00f1os los consumidores; para protegernos de los abusos y perjuicios que a diario sufrimos, como consecuencia de las conductas marginales y que persiguen \u00fanicamente la ganancia indisimulable por parte de quienes prestan servicios o negocian bienes en nuestro mercado local, aprovech\u00e1ndose en ocasiones de la falta de una mayor fiscalizaci\u00f3n, de la buena fe de nuestros consumidores y tambi\u00e9n de lo alejado que nos encontramos como Estado Provincial, de los grandes centros de producci\u00f3n, lo que hace \u201cque no exista una amplia y variada competencia, que permita bajar precios y tener productos y servicios de mayor y mejor calidad en oferta\u201d. El Ombudsman Provincial, Dr. Jos\u00e9 Leonardo Gialluca, reflexion\u00f3, en este d\u00eda, que los consumidores vamos ganando la lucha contra aquellos que pretenden \u201cmeternos la mano en nuestros bolsillos\u201d, ya que desde esta Instituci\u00f3n Provincial, as\u00ed como de otras \u00e1reas del Estado y tambi\u00e9n Asociaciones Civiles, los vecinos pueden hacer valer garant\u00edas, obtener la devoluci\u00f3n de dinero que se la ha cobrado indebidamente, sustituir bienes, abonar los intereses que corresponden legalmente, ser atendidos cordialmente y con respeto, y una serie de derechos que impactan no solamente en la faz econ\u00f3mica, sino tambi\u00e9n en lo social, en lo pol\u00edtico. En lo que respecta a las empresas de servicios p\u00fablicos esenciales sean estas p\u00fablicas o privadas, \u201c no nos debemos olvidar que cuando estuvo la firma Edefor, las inversiones brillaron por su ausencia y fue a trav\u00e9s de una decisi\u00f3n del Estado Provincial, que nos permiti\u00f3 tener hoy una firma Estatal, donde se ha invertido y se continuara haci\u00e9ndolo en beneficio de los usuarios tanto en capital como en el interior provincial y la contracara de la moneda es lo que nosotros vemos estos d\u00edas por televisi\u00f3n, cuando en la Ciudad Aut\u00f3noma de Buenos Aires, se producen cortes de calles por falta de luz durante d\u00edas, situaciones que nosotros hemos podido superar, a trav\u00e9s de una ordenada planificaci\u00f3n, mas las inversiones pertinentes y la concientizaci\u00f3n de que si queremos tener un buen servicio el mismo debe abonarse y estar en regla en lo que respecta a las conexiones\u201d. Igual situaci\u00f3n podemos mencionar respecto a la provisi\u00f3n de agua potable y tambi\u00e9n del servicio de cloacas, pese a que en algunos barrios todav\u00eda faltan algunas obras y tenemos la grave situaci\u00f3n de instalaciones irregulares, esto es \u201cde los pluviales a los cloacales que en los d\u00edas de grandes lluvias, producen que rebocen las cloacas y se produzcan situaciones no queridas por muchos vecinos, pero en donde, nuevamente \u2013 la soluci\u00f3n vendr\u00e1 de parte del Estado Municipal y Provincial- con la construcci\u00f3n de los Centros de Bombeos y tambi\u00e9n de las obras civiles necesarias para resguardar la salud de la poblaci\u00f3n y el ambiente.<\/p>\n<p style=\"text-align: justify;\">En lo que respecta a la parte legislativa, la reforma de la Ley Nacional de Defensa del Consumidor y Usuario N\u00ba 24.240, en Argentina, fue recientemente modificada por la Ley N\u00ba 26.361, introduci\u00e9ndose importantes reformas. Este cambio tiene la caracter\u00edstica de llevar la tutela del consumidor m\u00e1s all\u00e1 del \u00e1mbito de aplicaci\u00f3n de la ley, incorporando nuevas figuras que no se encontraban previstas en el derecho nacional, como es el caso del da\u00f1o punitivo, quedando definido el sistema de reparaci\u00f3n de da\u00f1os, tambi\u00e9n se incorporan las acciones colectivas que han sido objeto de consideraci\u00f3n en el texto legal. Esta reforma, adem\u00e1s ejerci\u00f3 influencia en las disposiciones de las contrataciones inmobiliarias, fij\u00f3 a los empresarios cu\u00e1les son los alcances de su actividad en el mercado y tambi\u00e9n vino a determinar que cuando \u201cla reparaci\u00f3n del bien no es satisfactoria tenemos derecho a pedir la sustituci\u00f3n del mismo, o la devoluci\u00f3n del dinero abonado, \u00edtems estos que los venimos haciendo realidad los 365 d\u00edas del a\u00f1o en todo el territorio de la provincia de Formosa, en beneficio de todas las franjas sociales , para que las clausulas abusivas tambi\u00e9n se tengan como no convenidas y no se termine abusando de la buena fe de los pueblos originarios que adem\u00e1s son consumidores y los cuales muchas veces son enga\u00f1ados por empresas o entidades financieras a las cuales las vamos denunciando por ante la justicia civil y penal de modo que sepan que no podr\u00e1n aprovecharse de sectores m\u00e1s d\u00e9biles y a los mismos como a todos los consumidores les dejamos en el d\u00eda de la fecha: \u201cel mensaje de que no deben nunca firmar ning\u00fan papel o documento o realizar alguna adquisici\u00f3n de bienes o de servicios sin ser antes debidamente asesorados en forma gratuita de manera personal, en la sede de nuestra Defensor\u00eda del Pueblo, o virtualmente a trav\u00e9s de nuestros correos electr\u00f3nicos <a href=\"mailto:depuefor@fibertel.com.ar\">depuefor@fibertel.com.ar<\/a>; <a href=\"mailto:denuncia@formosa.gov.ar\">denuncia@formosa.gov.ar<\/a>, o a los tel\u00e9fonos 08004441770.<\/p>\n<figure id=\"attachment_620\" aria-describedby=\"caption-attachment-620\" style=\"width: 460px\" class=\"wp-caption aligncenter\"><img loading=\"lazy\" decoding=\"async\" class=\"wp-image-620 size-full\" src=\"https:\/\/2015.defensoriaformosa.gob.ar\/wp-content\/uploads\/2015\/03\/DIA-DEL-CONSUMIDOR.jpg\" alt=\"DIA DEL CONSUMIDOR\" width=\"460\" height=\"250\" srcset=\"https:\/\/defensoriaformosa.gob.ar\/wp-content\/uploads\/2015\/03\/DIA-DEL-CONSUMIDOR.jpg 460w, https:\/\/defensoriaformosa.gob.ar\/wp-content\/uploads\/2015\/03\/DIA-DEL-CONSUMIDOR-300x163.jpg 300w\" sizes=\"auto, (max-width: 460px) 100vw, 460px\" \/><figcaption id=\"caption-attachment-620\" class=\"wp-caption-text\">EL ABASTECIMIENTO Y PRECIO DEL GAS ENVASADO FUE, RECI\u00c9NTEMENTE, UNO DE LOS GRANDES TEMAS DE DEBATE CON EL SECTOR EMPRESARIO<\/figcaption><\/figure>\n<p>&nbsp;<\/p>\n<p style=\"text-align: center;\">\n","protected":false},"excerpt":{"rendered":"<p>La Defensor\u00eda realizara una jornada de informaci\u00f3n y asesoramiento en la Planza San Mart\u00edn.<\/p>\n","protected":false},"author":1,"featured_media":620,"comment_status":"closed","ping_status":"closed","sticky":false,"template":"","format":"standard","meta":{"footnotes":""},"categories":[1,3],"tags":[],"class_list":["post-619","post","type-post","status-publish","format-standard","has-post-thumbnail","hentry","category-noticias","category-defensa-de-los-derechos-del-usuario-consumidor-contribuyentes"],"_links":{"self":[{"href":"https:\/\/defensoriaformosa.gob.ar\/index.php?rest_route=\/wp\/v2\/posts\/619","targetHints":{"allow":["GET"]}}],"collection":[{"href":"https:\/\/defensoriaformosa.gob.ar\/index.php?rest_route=\/wp\/v2\/posts"}],"about":[{"href":"https:\/\/defensoriaformosa.gob.ar\/index.php?rest_route=\/wp\/v2\/types\/post"}],"author":[{"embeddable":true,"href":"https:\/\/defensoriaformosa.gob.ar\/index.php?rest_route=\/wp\/v2\/users\/1"}],"replies":[{"embeddable":true,"href":"https:\/\/defensoriaformosa.gob.ar\/index.php?rest_route=%2Fwp%2Fv2%2Fcomments&post=619"}],"version-history":[{"count":1,"href":"https:\/\/defensoriaformosa.gob.ar\/index.php?rest_route=\/wp\/v2\/posts\/619\/revisions"}],"predecessor-version":[{"id":621,"href":"https:\/\/defensoriaformosa.gob.ar\/index.php?rest_route=\/wp\/v2\/posts\/619\/revisions\/621"}],"wp:featuredmedia":[{"embeddable":true,"href":"https:\/\/defensoriaformosa.gob.ar\/index.php?rest_route=\/wp\/v2\/media\/620"}],"wp:attachment":[{"href":"https:\/\/defensoriaformosa.gob.ar\/index.php?rest_route=%2Fwp%2Fv2%2Fmedia&parent=619"}],"wp:term":[{"taxonomy":"category","embeddable":true,"href":"https:\/\/defensoriaformosa.gob.ar\/index.php?rest_route=%2Fwp%2Fv2%2Fcategories&post=619"},{"taxonomy":"post_tag","embeddable":true,"href":"https:\/\/defensoriaformosa.gob.ar\/index.php?rest_route=%2Fwp%2Fv2%2Ftags&post=619"}],"curies":[{"name":"wp","href":"https:\/\/api.w.org\/{rel}","templated":true}]}}