{"id":617,"date":"2015-03-14T19:05:49","date_gmt":"2015-03-14T22:05:49","guid":{"rendered":"http:\/\/2015.defensoriaformosa.gob.ar\/?p=617"},"modified":"2015-03-14T19:05:49","modified_gmt":"2015-03-14T22:05:49","slug":"en-contra-de-los-aumentos-en-combustibles","status":"publish","type":"post","link":"https:\/\/defensoriaformosa.gob.ar\/?p=617","title":{"rendered":"EN CONTRA DE LOS AUMENTOS EN COMBUSTIBLES"},"content":{"rendered":"<p><strong>El Defensor del Pueblo afirm\u00f3 que atribuir toda suba a la inflaci\u00f3n resulta simplista y alejado de la realidad.<\/strong><\/p>\n<p><!--more--><\/p>\n<p style=\"text-align: justify;\">As\u00ed lo afirm\u00f3 el Defensor del Pueblo de la Provincia, Jos\u00e9 Leonardo Gialluca, en indudable alusi\u00f3n a las expresiones vertidas por Oscar Sotera, miembro de la C\u00e1mara de Estaciones de Servicios de Formosa. El Ombudsman Provincial dijo que: \u201cJustificar toda suba con el incremento de los \u00edndices inflacionarios que, casualmente, para los sectores interesados en que todo aumente, supera el doble del \u00edndice oficial, representa una visi\u00f3n simplista y alejada de la realidad\u201d. El funcionario, recientemente solicit\u00f3 a la Subsecretar\u00eda de Combustibles de la Naci\u00f3n, que adecue las variables de la comercializaci\u00f3n de los combustibles, a los costos del crudo en mercado internacional, que contin\u00faa con una tendencia a la baja, a contrapelo del mercado interno nacional, en el que los hidrocarburos retomaron su tendencia alcista, con 0,8 y 0,9 % de incremento en febrero y marzo, luego de que, durante Enero, operaran una baja del 5 %. No se puede decir \u201ctodo sube y aplicar la maquinita de remarcar\u201d, abund\u00f3, hay que observar todas las variables. Obviamente que, para las estaciones de servicios, el costo de los productos que comercializan (combustibles) es determinante, as\u00ed que, si se opera una rebaja en los mismos, consecuentemente, deben bajar tambi\u00e9n los valores finales para la venta y ello puede ocurrir, como a comienzos de a\u00f1o, a\u00fan contradiciendo los pron\u00f3sticos apocal\u00edpticos de aquellos para los que todo, siempre, est\u00e1 mal.<\/p>\n<p style=\"text-align: justify;\">Desde la Defensor\u00eda, finaliz\u00f3 diciendo el funcionario, mientras los precios internacionales del petr\u00f3leo sigan cayendo, seguiremos bregando para que el valor de los combustibles baje, como en Enero, ya realizamos las instancias ante el \u00c1rea Federal con competencia y continuaremos haci\u00e9ndolo. Pues las petroleras deber\u00e1n entender que, los consumidores durante d\u00e9cadas, soportamos el justificativo del \u201calza del precio internacional del crudo\u201d como una saeta que nos ca\u00eda, con precios siempre en alza, por una vez, deben comprender que median sobradas razones para que nos vendan m\u00e1s barato, por lo que no descartamos, de no obtener el reconocimiento de nuestros derechos econ\u00f3micos como consumidores, amparados por el Art. 42\u00ba de la Constituci\u00f3n Nacional, solicitar la aplicaci\u00f3n de las Leyes Antimonopolio y de Lealtad Comercial, para que as\u00ed suceda. Porque los combustibles deben seguir bajando su precio.-\u201d<\/p>\n","protected":false},"excerpt":{"rendered":"<p>El Defensor del Pueblo afirm\u00f3 que atribuir toda suba a la inflaci\u00f3n resulta simplista y alejado de la realidad.<\/p>\n","protected":false},"author":1,"featured_media":12,"comment_status":"closed","ping_status":"closed","sticky":false,"template":"","format":"standard","meta":{"footnotes":""},"categories":[1,3],"tags":[],"class_list":["post-617","post","type-post","status-publish","format-standard","has-post-thumbnail","hentry","category-noticias","category-defensa-de-los-derechos-del-usuario-consumidor-contribuyentes"],"_links":{"self":[{"href":"https:\/\/defensoriaformosa.gob.ar\/index.php?rest_route=\/wp\/v2\/posts\/617","targetHints":{"allow":["GET"]}}],"collection":[{"href":"https:\/\/defensoriaformosa.gob.ar\/index.php?rest_route=\/wp\/v2\/posts"}],"about":[{"href":"https:\/\/defensoriaformosa.gob.ar\/index.php?rest_route=\/wp\/v2\/types\/post"}],"author":[{"embeddable":true,"href":"https:\/\/defensoriaformosa.gob.ar\/index.php?rest_route=\/wp\/v2\/users\/1"}],"replies":[{"embeddable":true,"href":"https:\/\/defensoriaformosa.gob.ar\/index.php?rest_route=%2Fwp%2Fv2%2Fcomments&post=617"}],"version-history":[{"count":1,"href":"https:\/\/defensoriaformosa.gob.ar\/index.php?rest_route=\/wp\/v2\/posts\/617\/revisions"}],"predecessor-version":[{"id":618,"href":"https:\/\/defensoriaformosa.gob.ar\/index.php?rest_route=\/wp\/v2\/posts\/617\/revisions\/618"}],"wp:featuredmedia":[{"embeddable":true,"href":"https:\/\/defensoriaformosa.gob.ar\/index.php?rest_route=\/wp\/v2\/media\/12"}],"wp:attachment":[{"href":"https:\/\/defensoriaformosa.gob.ar\/index.php?rest_route=%2Fwp%2Fv2%2Fmedia&parent=617"}],"wp:term":[{"taxonomy":"category","embeddable":true,"href":"https:\/\/defensoriaformosa.gob.ar\/index.php?rest_route=%2Fwp%2Fv2%2Fcategories&post=617"},{"taxonomy":"post_tag","embeddable":true,"href":"https:\/\/defensoriaformosa.gob.ar\/index.php?rest_route=%2Fwp%2Fv2%2Ftags&post=617"}],"curies":[{"name":"wp","href":"https:\/\/api.w.org\/{rel}","templated":true}]}}