{"id":611,"date":"2015-03-13T17:54:57","date_gmt":"2015-03-13T20:54:57","guid":{"rendered":"http:\/\/2015.defensoriaformosa.gob.ar\/?p=611"},"modified":"2015-03-13T17:54:57","modified_gmt":"2015-03-13T20:54:57","slug":"universalizacion-al-derecho-a-estudiar","status":"publish","type":"post","link":"https:\/\/defensoriaformosa.gob.ar\/?p=611","title":{"rendered":"UNIVERSALIZACION AL DERECHO A ESTUDIAR"},"content":{"rendered":"<p style=\"text-align: justify;\"><strong>LA DEFENSORIA DEL PUEBLO, ASESORARA Y TRAMITARA LAS SOLICITUDES DE INSCRIPCION AL NUEVO PLAN PROGRESAR 2015<\/strong><\/p>\n<p style=\"text-align: justify;\"><strong>Desde la Defensor\u00eda del Pueblo de la Provincia de Formosa, y a partir de la semana entrante, se atender\u00e1 y asesorara a todos aquellos ciudadanos, principalmente a los j\u00f3venes que necesiten ingresar a la pagina del Plan Progresar y\/o llenar formularios de solicitud en l\u00ednea o a trav\u00e9s de su presentaci\u00f3n por ante la ANSES- Delegaci\u00f3n Formosa, con la cual el Organismo de la Constituci\u00f3n continuara trabajando conjuntamente.<\/strong><\/p>\n<p style=\"text-align: justify;\"><!--more--><\/p>\n<p style=\"text-align: justify;\">El Ombudsman Provincial, Dr. Jos\u00e9 Leonardo Gialluca, anticipo que adem\u00e1s del Formulario de Solicitud, se tiene que presentar el formulario de Acreditaci\u00f3n e Inscripci\u00f3n de Escolaridad, el cual puede ser bajado a trav\u00e9s de Internet o retirarlo de la Oficina de la ANSES.<\/p>\n<p style=\"text-align: justify;\">En dicho formulario, es necesario que el responsable de la Escuela, Colegio o Universidad donde va a estudiar el ciudadano, certifique que est\u00e1 inscripto. Por lo cual cuando se tenga el Formulario de Solicitud y el de Escolaridad completos se los debe presentar por ante la ANSES y all\u00ed se va a proceder a la Solicitud de Inscripci\u00f3n y se cargaran en el Sistema el Certificado de Escolaridad.<\/p>\n<p style=\"text-align: justify;\">Una vez cumplido estos pasos, el beneficiario futuro, recibir\u00e1n la confirmaci\u00f3n si tiene derecho a la prestaci\u00f3n a trav\u00e9s de un mensaje de texto, correo electr\u00f3nico o a trav\u00e9s de la Web en \u201cMi Anses\u201d; all\u00ed se informara cuando y donde se va a cobrar, habilit\u00e1ndose a trav\u00e9s de un Banco una tarjeta de debito.<\/p>\n<p style=\"text-align: justify;\">Desde el Organismo de la Constituci\u00f3n, resaltaron que la eliminaci\u00f3n de las limitantes econ\u00f3micas y la flexibilizaci\u00f3n de los requisitos permitir\u00e1 una gran ampliaci\u00f3n del Plan Progresar 2015 y con ello se permitir\u00e1 \u201cuniversalizar el derecho a estudiar\u201d.<\/p>\n<p style=\"text-align: justify;\">Por otra parte tambi\u00e9n al mismo tiempo se incrementan en 65mil las becas universitarias y los j\u00f3venes cuyas madres trabajen como empleadas domesticas en casa de familia, tambi\u00e9n van a tener derecho al Plan Progresar.<\/p>\n<p style=\"text-align: justify;\">El Defensor del Pueblo se\u00f1alo que con estas medidas existir\u00e1n aproximadamente 1.300.000 estudiantes que ser\u00e1n beneficiados por el Plan Progresar con una fuerte decisi\u00f3n de proyectar una m\u00e1s amplia y profunda inclusi\u00f3n social en materia de educaci\u00f3n p\u00fablica y de acciones y gestiones para disminuir el desempleo juvenil.<\/p>\n<p style=\"text-align: justify;\">Se\u00f1alo por ultimo que esta ampliaci\u00f3n de derechos \u201cdebe ser aprovechada al m\u00e1ximo de manera positiva por todos los j\u00f3venes para poder formarse y de esta manera insertarse posteriormente a un mercado laboral cada d\u00eda mas exigente ya que esto no es un gasto social sino todo lo contrario, una gran inversi\u00f3n social que repercutir\u00e1 favorablemente en las econom\u00edas familiares de las franjas menos pudientes y tambi\u00e9n en lo que significa la inyecci\u00f3n de 7 mil millones de pesos m\u00e1s a los 11mil millones que el Plan Progresar destina para que nuestros j\u00f3venes puedan estudiar y as\u00ed alejarse del delito, de las bebidas alcoholicas, de la droga y culminar siendo, mujeres y hombres de bien para nuestro Estado Nacional y Provincial-<\/p>\n","protected":false},"excerpt":{"rendered":"<p>LA DEFENSORIA DEL PUEBLO, ASESORARA Y TRAMITARA LAS SOLICITUDES DE INSCRIPCION AL NUEVO PLAN PROGRESAR 2015 Desde la Defensor\u00eda del Pueblo de la Provincia de Formosa, y a partir de la semana entrante, se atender\u00e1 y asesorara a todos aquellos ciudadanos, principalmente a los j\u00f3venes que necesiten ingresar a la pagina del Plan Progresar y\/o [&hellip;]<\/p>\n","protected":false},"author":1,"featured_media":612,"comment_status":"closed","ping_status":"closed","sticky":false,"template":"","format":"standard","meta":{"footnotes":""},"categories":[1],"tags":[],"class_list":["post-611","post","type-post","status-publish","format-standard","has-post-thumbnail","hentry","category-noticias"],"_links":{"self":[{"href":"https:\/\/defensoriaformosa.gob.ar\/index.php?rest_route=\/wp\/v2\/posts\/611","targetHints":{"allow":["GET"]}}],"collection":[{"href":"https:\/\/defensoriaformosa.gob.ar\/index.php?rest_route=\/wp\/v2\/posts"}],"about":[{"href":"https:\/\/defensoriaformosa.gob.ar\/index.php?rest_route=\/wp\/v2\/types\/post"}],"author":[{"embeddable":true,"href":"https:\/\/defensoriaformosa.gob.ar\/index.php?rest_route=\/wp\/v2\/users\/1"}],"replies":[{"embeddable":true,"href":"https:\/\/defensoriaformosa.gob.ar\/index.php?rest_route=%2Fwp%2Fv2%2Fcomments&post=611"}],"version-history":[{"count":1,"href":"https:\/\/defensoriaformosa.gob.ar\/index.php?rest_route=\/wp\/v2\/posts\/611\/revisions"}],"predecessor-version":[{"id":613,"href":"https:\/\/defensoriaformosa.gob.ar\/index.php?rest_route=\/wp\/v2\/posts\/611\/revisions\/613"}],"wp:featuredmedia":[{"embeddable":true,"href":"https:\/\/defensoriaformosa.gob.ar\/index.php?rest_route=\/wp\/v2\/media\/612"}],"wp:attachment":[{"href":"https:\/\/defensoriaformosa.gob.ar\/index.php?rest_route=%2Fwp%2Fv2%2Fmedia&parent=611"}],"wp:term":[{"taxonomy":"category","embeddable":true,"href":"https:\/\/defensoriaformosa.gob.ar\/index.php?rest_route=%2Fwp%2Fv2%2Fcategories&post=611"},{"taxonomy":"post_tag","embeddable":true,"href":"https:\/\/defensoriaformosa.gob.ar\/index.php?rest_route=%2Fwp%2Fv2%2Ftags&post=611"}],"curies":[{"name":"wp","href":"https:\/\/api.w.org\/{rel}","templated":true}]}}