{"id":609,"date":"2015-03-13T17:53:04","date_gmt":"2015-03-13T20:53:04","guid":{"rendered":"http:\/\/2015.defensoriaformosa.gob.ar\/?p=609"},"modified":"2015-03-13T17:53:04","modified_gmt":"2015-03-13T20:53:04","slug":"la-defensoria-del-pueblo-lo-peticiono-a-la-subsecretaria-de-combustibles-de-nacion","status":"publish","type":"post","link":"https:\/\/defensoriaformosa.gob.ar\/?p=609","title":{"rendered":"LA DEFENSORIA DEL PUEBLO LO PETICIONO A LA SUBSECRETARIA DE COMBUSTIBLES DE NACION"},"content":{"rendered":"<p style=\"text-align: justify;\"><strong>Se insto a que los precios de las naftas acompa\u00f1en las bajas del valor del crudo en nuestro mercado.<\/strong><\/p>\n<p style=\"text-align: justify;\"><!--more--><\/p>\n<p style=\"text-align: justify;\">La Defensor\u00eda del Pueblo, por intermedio de su -Direcci\u00f3n de Defensa de los Derechos de los Consumidores, Usuarios, Contribuyentes, Relaciones de Consumo-, solicit\u00f3 formalmente al Subsecretario de Combustibles de la Naci\u00f3n, Lic. Gast\u00f3n Ghioni, que dicha \u00c1rea Federal, que depende de la Secretar\u00eda de Energ\u00eda de la Naci\u00f3n, a cargo de la Ing. Mariana Matangra, arbitren las medidas que sean menester para que la evoluci\u00f3n del costo de los combustibles en nuestra Provincia, en particular y en todo el pa\u00eds en general, siga la tendencia a la baja que viene registrando el mercado internacional por la ca\u00edda del valor del crudo. El Ombudsman Provincial se\u00f1alo por su parte que no entiende que sea la empresa estatal YPF, que concentra el 50% del mercado de los combustibles, en lugar de regular a favor de los consumidores del precio de los mismos, hoy la vemos escoltando a las empresas privadas con un nuevo aumento.<\/p>\n<p style=\"text-align: justify;\">Entre los fundamentos del pedido, el Defensor del Pueblo de la Provincia remarc\u00f3: \u201clos consumidores tuvimos siempre que soportar las alzas autom\u00e1ticas e inconsultas que se ven\u00edan aplicando, desde hace d\u00e9cadas, cada vez que se incrementaba el precio internacional del petr\u00f3leo. Por lo que, actualmente, resulta enteramente justo que, ante la ca\u00edda de su valor, a la inversa, los precios de los combustibles tambi\u00e9n registren dicha baja. Si bien en el mes de enero se oper\u00f3 un descenso del &#8211; 5 % en los combustibles, febrero y ahora marzo, indican tendencias a la suba, con 0,8 y 0,9 %, respectivamente y esto sucede en momentos en que el precio internacional del petr\u00f3leo sigue cayendo estrepitosamente. M\u00e1s all\u00e1 de las variables econ\u00f3micas tenidas en cuenta para fijar los valores de los combustibles, que son muchas, no puede soslayarse que para el mercado formose\u00f1o, el valor flete, es una referencia ineludible para los precios de las mercader\u00edas en las g\u00f3ndolas de los supermercados locales, siendo que este rubro tiene como componente principal al precio del gas o\u00edl y\/o nafta. Es por ello que, para los consumidores formose\u00f1os, finaliz\u00f3 diciendo el Ombudsman Provincial, no es una cuesti\u00f3n menor la del precio de los combustibles, pues cada aumento impacta directa e indirectamente en la econom\u00eda dom\u00e9stica de cada uno de nuestros hogares.<\/p>\n","protected":false},"excerpt":{"rendered":"<p>Se insto a que los precios de las naftas acompa\u00f1en las bajas del valor del crudo en nuestro mercado.<\/p>\n","protected":false},"author":1,"featured_media":414,"comment_status":"closed","ping_status":"closed","sticky":false,"template":"","format":"standard","meta":{"footnotes":""},"categories":[1,3],"tags":[],"class_list":["post-609","post","type-post","status-publish","format-standard","has-post-thumbnail","hentry","category-noticias","category-defensa-de-los-derechos-del-usuario-consumidor-contribuyentes"],"_links":{"self":[{"href":"https:\/\/defensoriaformosa.gob.ar\/index.php?rest_route=\/wp\/v2\/posts\/609","targetHints":{"allow":["GET"]}}],"collection":[{"href":"https:\/\/defensoriaformosa.gob.ar\/index.php?rest_route=\/wp\/v2\/posts"}],"about":[{"href":"https:\/\/defensoriaformosa.gob.ar\/index.php?rest_route=\/wp\/v2\/types\/post"}],"author":[{"embeddable":true,"href":"https:\/\/defensoriaformosa.gob.ar\/index.php?rest_route=\/wp\/v2\/users\/1"}],"replies":[{"embeddable":true,"href":"https:\/\/defensoriaformosa.gob.ar\/index.php?rest_route=%2Fwp%2Fv2%2Fcomments&post=609"}],"version-history":[{"count":1,"href":"https:\/\/defensoriaformosa.gob.ar\/index.php?rest_route=\/wp\/v2\/posts\/609\/revisions"}],"predecessor-version":[{"id":610,"href":"https:\/\/defensoriaformosa.gob.ar\/index.php?rest_route=\/wp\/v2\/posts\/609\/revisions\/610"}],"wp:featuredmedia":[{"embeddable":true,"href":"https:\/\/defensoriaformosa.gob.ar\/index.php?rest_route=\/wp\/v2\/media\/414"}],"wp:attachment":[{"href":"https:\/\/defensoriaformosa.gob.ar\/index.php?rest_route=%2Fwp%2Fv2%2Fmedia&parent=609"}],"wp:term":[{"taxonomy":"category","embeddable":true,"href":"https:\/\/defensoriaformosa.gob.ar\/index.php?rest_route=%2Fwp%2Fv2%2Fcategories&post=609"},{"taxonomy":"post_tag","embeddable":true,"href":"https:\/\/defensoriaformosa.gob.ar\/index.php?rest_route=%2Fwp%2Fv2%2Ftags&post=609"}],"curies":[{"name":"wp","href":"https:\/\/api.w.org\/{rel}","templated":true}]}}