{"id":5503,"date":"2017-06-12T13:43:34","date_gmt":"2017-06-12T16:43:34","guid":{"rendered":"http:\/\/2015.defensoriaformosa.gob.ar\/?p=5503"},"modified":"2017-06-12T13:43:34","modified_gmt":"2017-06-12T16:43:34","slug":"diferentes-actividades-se-desarrollan-en-el-dia-de-la-fecha-bajo-el-lema-no-al-trabajo-infantil-si-al-respeto-de-sus-derechos","status":"publish","type":"post","link":"https:\/\/defensoriaformosa.gob.ar\/?p=5503","title":{"rendered":"DIFERENTES ACTIVIDADES SE DESARROLLAN EN EL DIA DE LA FECHA BAJO EL LEMA \u201cNO AL TRABAJO INFANTIL, SI AL RESPETO DE SUS DERECHOS\u201d"},"content":{"rendered":"<p><strong>En la fecha, se conmemora el D\u00eda Mundial contra el Trabajo Infantil; establecida con el fin de que todos los pa\u00edses adopten normas y acciones s\u00f3lidas para combatir el trabajo infantil, por medio de pol\u00edticas para la protecci\u00f3n de los ni\u00f1os.<\/strong><\/p>\n<p><!--more--><br \/>\nCon este motivo la Subsecretaria de Trabajo, Justicia y Culto a cargo del Dr. Valdez, Julio Gustavo, junto a la Defensor\u00eda del Pueblo, m\u00e1s la Subsecretaria de Ni\u00f1ez, Adolescencia y Familia, a cargo de la Dra. Graciela Parola, la Direcci\u00f3n de Abordaje Territorial, de la Municipalidad de la Ciudad de Formosa, a cargo de la Sra. Natacha M. Ojeda, llevaran a cabo en la intersecci\u00f3n de la Av. 25 de mayo y Rivadavia, una serie de actividades bajo el lema: \u201cNo al Trabajo Infantil, S\u00ed al Respeto de sus Derechos\u201d<br \/>\nNo solamente es un deber del Estado Nacional, Provincial y Municipales, luchar contra este flagelo, tambi\u00e9n es nuestro deber no apoyar estas pr\u00e1cticas ilegales; cuando por ejemplo al comprar o dar dinero a un ni\u00f1o que nos ofrece algo en la calle, estamos pasando por alto que est\u00e1 siendo explotado, oprimido y denigrado, de manera que con nuestro dinero estamos contribuyendo a que esa problem\u00e1tica contin\u00fae y si bien en nuestra ciudad capital a diferencia de otras urbes, esta cuesti\u00f3n no se encuentra a la fecha masificada y tambi\u00e9n es necesario diferenciar la colaboraci\u00f3n de ni\u00f1as y ni\u00f1os que realizan en las zonas rurales de nuestra provincia, con sus familias, en trabajos de agricultura o cuidado de animales, que no encuadran dentro de lo que se conoce como -trabajo infantil- sino como una cooperaci\u00f3n voluntaria que permite formar en valores a los m\u00e1s peque\u00f1os.<br \/>\nEl Ombudsman Provincial, Jos\u00e9 Leonardo Gialluca, se\u00f1alo que el trabajo infantil pone en riesgo a los menores y viola tanto el derecho internacional como las legislaciones locales. Priva a los ni\u00f1os de su educaci\u00f3n o les exige asumir una doble carga: el trabajo y la escuela. El trabajo infantil, que debe ser eliminado, es un subconjunto de actividades laborales llevadas a cabo por menores de edad e incluye:<br \/>\nLas \u00abincuestionablemente\u00bb peores formas de trabajo infantil, tales como la esclavitud, o pr\u00e1cticas similares, y el uso de ni\u00f1os en la prostituci\u00f3n u otras actividades ilegales. Vulnera el derecho a la salud: el envejecimiento prematuro, la desnutrici\u00f3n, la depresi\u00f3n son s\u00f3lo algunas de sus manifestaciones dado que un ni\u00f1a\/o no est\u00e1 preparado ni f\u00edsica ni emocionalmente para el desarrollo de una actividad laboral. Vulnera el derecho a la educaci\u00f3n ya que un ni\u00f1o\/a que trabaja dif\u00edcilmente estar\u00e1 en condiciones de sostener la escolaridad y en caso de poder hacerlo, su rendimiento acad\u00e9mico no le permitir\u00e1 alcanzar el m\u00e1ximo de sus posibilidades, exponi\u00e9ndolo a una desigualdad de oportunidades a futuro. Vulnera el derecho a la integridad psicof\u00edsica, ya que los ni\u00f1os\/as que trabajan est\u00e1n m\u00e1s expuestos a diferentes manifestaciones de violencia f\u00edsica, mental y sexual. Vulnera el derecho al juego, la recreaci\u00f3n y el esparcimiento, ya que los ni\u00f1os y ni\u00f1as que trabajan pierden esta posibilidad. Un ni\u00f1o que trabaja, est\u00e1 condenado a perder su condici\u00f3n de tal e ingresar por la peor de las puertas al mundo adulto.<br \/>\nLos efectos negativos del trabajo infantil son muchos. Lo m\u00e1s perjudicial es la invisibilidad y naturalizaci\u00f3n con que suele \u00abmirarse\u00bb el trabajo desarrollado por ni\u00f1os y ni\u00f1as. Esta \u00abactividad\u00bb no es m\u00e1s que el reflejo de generaciones hipotecadas, de cientos de ni\u00f1os y ni\u00f1as que, cuando adultos, seg\u00fan muestran las estad\u00edsticas, ser\u00e1n condenados a reinsertarse una y otra vez en la informalidad y precariedad laboral.<br \/>\nEs hora de humanizar los n\u00fameros y resignificar todo lo que ellos representan. El momento es hoy porque el tiempo de los ni\u00f1os y ni\u00f1as pasa y no puede recuperarse. Como sociedad y Estado debemos ser capaces de sancionar severamente a quienes promueven el trabajo infantil y trabajar expresamente a partir de pol\u00edticas p\u00fablicas inclusivas para evitar que suceda.<\/p>\n","protected":false},"excerpt":{"rendered":"<p>En la fecha, se conmemora el D\u00eda Mundial contra el Trabajo Infantil; establecida con el fin de que todos los pa\u00edses adopten normas y acciones s\u00f3lidas para combatir el trabajo infantil, por medio de pol\u00edticas para la protecci\u00f3n de los ni\u00f1os.<\/p>\n","protected":false},"author":1,"featured_media":5504,"comment_status":"closed","ping_status":"closed","sticky":false,"template":"","format":"standard","meta":{"footnotes":""},"categories":[4,1,6,7],"tags":[],"class_list":["post-5503","post","type-post","status-publish","format-standard","has-post-thumbnail","hentry","category-ddhh","category-noticias","category-salud","category-seguridad-vial"],"_links":{"self":[{"href":"https:\/\/defensoriaformosa.gob.ar\/index.php?rest_route=\/wp\/v2\/posts\/5503","targetHints":{"allow":["GET"]}}],"collection":[{"href":"https:\/\/defensoriaformosa.gob.ar\/index.php?rest_route=\/wp\/v2\/posts"}],"about":[{"href":"https:\/\/defensoriaformosa.gob.ar\/index.php?rest_route=\/wp\/v2\/types\/post"}],"author":[{"embeddable":true,"href":"https:\/\/defensoriaformosa.gob.ar\/index.php?rest_route=\/wp\/v2\/users\/1"}],"replies":[{"embeddable":true,"href":"https:\/\/defensoriaformosa.gob.ar\/index.php?rest_route=%2Fwp%2Fv2%2Fcomments&post=5503"}],"version-history":[{"count":1,"href":"https:\/\/defensoriaformosa.gob.ar\/index.php?rest_route=\/wp\/v2\/posts\/5503\/revisions"}],"predecessor-version":[{"id":5505,"href":"https:\/\/defensoriaformosa.gob.ar\/index.php?rest_route=\/wp\/v2\/posts\/5503\/revisions\/5505"}],"wp:featuredmedia":[{"embeddable":true,"href":"https:\/\/defensoriaformosa.gob.ar\/index.php?rest_route=\/wp\/v2\/media\/5504"}],"wp:attachment":[{"href":"https:\/\/defensoriaformosa.gob.ar\/index.php?rest_route=%2Fwp%2Fv2%2Fmedia&parent=5503"}],"wp:term":[{"taxonomy":"category","embeddable":true,"href":"https:\/\/defensoriaformosa.gob.ar\/index.php?rest_route=%2Fwp%2Fv2%2Fcategories&post=5503"},{"taxonomy":"post_tag","embeddable":true,"href":"https:\/\/defensoriaformosa.gob.ar\/index.php?rest_route=%2Fwp%2Fv2%2Ftags&post=5503"}],"curies":[{"name":"wp","href":"https:\/\/api.w.org\/{rel}","templated":true}]}}