{"id":5427,"date":"2017-05-31T16:59:13","date_gmt":"2017-05-31T19:59:13","guid":{"rendered":"http:\/\/2015.defensoriaformosa.gob.ar\/?p=5427"},"modified":"2017-05-31T16:59:13","modified_gmt":"2017-05-31T19:59:13","slug":"la-defensoria-solicito-informes-a-la-subsecretaria-de-habitat-y-desarrollo-humano-de-nacion-sobre-la-construccion-de-viviendas-para-formosa","status":"publish","type":"post","link":"https:\/\/defensoriaformosa.gob.ar\/?p=5427","title":{"rendered":"LA DEFENSORIA SOLICITO INFORMES A LA SUBSECRETARIA DE HABITAT Y DESARROLLO HUMANO DE NACION SOBRE LA CONSTRUCCION DE VIVIENDAS PARA FORMOSA"},"content":{"rendered":"<p><strong>Desde la -Direcci\u00f3n de Salud y Vivienda &#8211; de la Defensor\u00eda del Pueblo, se interpusieron formalmente, sendos informes, tanto a la Titular de la Subsecretaria de H\u00e1bitat y Desarrollo Humano, Marina Klemensiewicz, en cuanto a los proyectos para la construcci\u00f3n de viviendas que se han programado para la Provincia de Formosa, toda vez que el mismo, tiene por objetivo permitir el acceso a un \u201ctecho digno\u201d principalmente a los ciudadanos que viven en las 10 provincias del norte argentino, Formosa, Chaco, Corrientes ,Misiones, Santiago del Estero, Tucum\u00e1n, Catamarca, La Rioja, Jujuy y Salta, considerando que en el caso de nuestra jurisdicci\u00f3n el 100% de las familias que demandan una vivienda, \u201cno califican para los cr\u00e9ditos Procrear que est\u00e1 dirigido para quienes ganan entre 2 o 4 salarios m\u00ednimos y tampoco para los promovidos cr\u00e9ditos hipotecarios a 30 a\u00f1os, que son destinados a quienes ganas m\u00e1s de 36.000 al mes\u201d, como al Ministerio del Interior de quien depende.<\/strong><\/p>\n<p><!--more--><br \/>\nEn este sentido el Ombudsman Provincial, Jos\u00e9 Leonardo Gialluca, se\u00f1alo que la actual Subsecretaria del H\u00e1bitat, al no utilizar a los Institutos Provinciales de Vivienda, necesitamos que le den en forma urgente una respuesta a los Intendentes y que tambi\u00e9n el Gobierno Nacional avance en el terreno con las obras principalmente destinadas a la construcci\u00f3n de viviendas o en algunos casos el mejoramiento de las ya existentes para que las personas puedan vivir dignamente.<br \/>\nEn este mismo sentido, se se\u00f1al\u00f3 desde el Organismo de la Constituci\u00f3n, que adem\u00e1s hemos solicitado al actual Titular del Plan Belgrano, Jos\u00e9 Cano, nos ilustre en que obras se han invertido los m\u00e1s de 6.000 millones de pesos de los aproximadamente 18.000 millones de pesos, que est\u00e1n destinados para beneficiar con viviendas a familias formose\u00f1as, pues es necesario contar Institucionalmente con toda esta informaci\u00f3n y as\u00ed poder ir trasladando respuestas concretas a todos los que actualmente carecen de un techo propio y por ello exigimos de la urgente inversi\u00f3n del Estado Nacional que viene recibiendo del BID, el CAF , el Banco Mundial y el BCID, entre otros, importantes cr\u00e9ditos que deber\u00edan ser utilizados federalmente y destinados al norte argentino, donde las demandas sociales siempre son mucho m\u00e1s necesarias y de esta manera combatir tambi\u00e9n la pobreza estructural en la que se ha inmerso a millones de familias, como consecuencia de un plan econ\u00f3mico que no es inclusivo e impide a las mismas acceder como dijimos anteriormente a incentivos que est\u00e1n destinados a otras franjas sociales, que no son precisamente las comunidades originarias y menos a\u00fan los empleados p\u00fablicos, municipales o provinciales.<\/p>\n","protected":false},"excerpt":{"rendered":"<p>Desde la -Direcci\u00f3n de Salud y Vivienda &#8211; de la Defensor\u00eda del Pueblo, se interpusieron formalmente, sendos informes, tanto a la Titular de la Subsecretaria de H\u00e1bitat y Desarrollo Humano, Marina Klemensiewicz, en cuanto a los proyectos para la construcci\u00f3n de viviendas que se han programado para la Provincia de Formosa, toda vez que el [&hellip;]<\/p>\n","protected":false},"author":1,"featured_media":5428,"comment_status":"closed","ping_status":"closed","sticky":false,"template":"","format":"standard","meta":{"footnotes":""},"categories":[1,6],"tags":[],"class_list":["post-5427","post","type-post","status-publish","format-standard","has-post-thumbnail","hentry","category-noticias","category-salud"],"_links":{"self":[{"href":"https:\/\/defensoriaformosa.gob.ar\/index.php?rest_route=\/wp\/v2\/posts\/5427","targetHints":{"allow":["GET"]}}],"collection":[{"href":"https:\/\/defensoriaformosa.gob.ar\/index.php?rest_route=\/wp\/v2\/posts"}],"about":[{"href":"https:\/\/defensoriaformosa.gob.ar\/index.php?rest_route=\/wp\/v2\/types\/post"}],"author":[{"embeddable":true,"href":"https:\/\/defensoriaformosa.gob.ar\/index.php?rest_route=\/wp\/v2\/users\/1"}],"replies":[{"embeddable":true,"href":"https:\/\/defensoriaformosa.gob.ar\/index.php?rest_route=%2Fwp%2Fv2%2Fcomments&post=5427"}],"version-history":[{"count":1,"href":"https:\/\/defensoriaformosa.gob.ar\/index.php?rest_route=\/wp\/v2\/posts\/5427\/revisions"}],"predecessor-version":[{"id":5429,"href":"https:\/\/defensoriaformosa.gob.ar\/index.php?rest_route=\/wp\/v2\/posts\/5427\/revisions\/5429"}],"wp:featuredmedia":[{"embeddable":true,"href":"https:\/\/defensoriaformosa.gob.ar\/index.php?rest_route=\/wp\/v2\/media\/5428"}],"wp:attachment":[{"href":"https:\/\/defensoriaformosa.gob.ar\/index.php?rest_route=%2Fwp%2Fv2%2Fmedia&parent=5427"}],"wp:term":[{"taxonomy":"category","embeddable":true,"href":"https:\/\/defensoriaformosa.gob.ar\/index.php?rest_route=%2Fwp%2Fv2%2Fcategories&post=5427"},{"taxonomy":"post_tag","embeddable":true,"href":"https:\/\/defensoriaformosa.gob.ar\/index.php?rest_route=%2Fwp%2Fv2%2Ftags&post=5427"}],"curies":[{"name":"wp","href":"https:\/\/api.w.org\/{rel}","templated":true}]}}