{"id":5269,"date":"2017-05-09T21:16:55","date_gmt":"2017-05-10T00:16:55","guid":{"rendered":"http:\/\/2015.defensoriaformosa.gob.ar\/?p=5269"},"modified":"2017-05-09T21:16:55","modified_gmt":"2017-05-10T00:16:55","slug":"la-defensoria-del-pueblo-le-pidio-a-gendarmeria-aplique-el-protocolo-antipiquetes-en-clorinda-igual-medida-se-solicito-a-la-ministra-de-seguridad","status":"publish","type":"post","link":"https:\/\/defensoriaformosa.gob.ar\/?p=5269","title":{"rendered":"LA DEFENSOR\u00cdA DEL PUEBLO LE PIDI\u00d3 A GENDARMER\u00cdA APLIQUE EL PROTOCOLO ANTIPIQUETES EN CLORINDA, IGUAL MEDIDA SE SOLICIT\u00d3 A LA MINISTRA DE SEGURIDAD"},"content":{"rendered":"<p><strong>&#8211; Existen sobreprecios en la garrafa de 10kg frente al bloqueo al acceso a la Planta de Gas de la Cooperativa Clorinda \u2013<\/strong><\/p>\n<p><!--more--><br \/>\nSe inform\u00f3 desde la Defensor\u00eda del Pueblo, que ante los hechos delictivos que est\u00e1n produciendo un grupo de personas sobre la Ruta Nacional N\u00ba 11, se ha denunciado ante la Agrupaci\u00f3n VI de Gendarmer\u00eda Nacional de la Ciudad de Formosa a cargo del Comandante Principal Ricardo Heredia, para que ordene a la Agrupaci\u00f3n XVI de la Ciudad de Clorinda proceda a aplicar el Protocolo Antipiquetes, tal como lo establece la normativa vigente y tambi\u00e9n ejerza las dem\u00e1s acciones para liberar esta traza internacional y restablezca el derecho al libre tr\u00e1nsito de todas las personas; debi\u00e9ndose denunciar a las personas que llevan a cabo este delito con conculcaci\u00f3n inmediata a la Justicia Federal y garantizar el tr\u00e1nsito en una Ruta que por su ubicaci\u00f3n geogr\u00e1fica posee un volumen de tr\u00e1nsito sumamente alto y en donde \u201clos hechos violentos o enfrentamientos puede originarse en cualquier momento, siendo los mismos responsabilidad exclusiva de las Fuerzas Federales y de las Autoridades Nacionales que no aplican la misma vara en estos casos, como s\u00ed lo hacen en la Provincia de Buenos Aires\u201d.<br \/>\nEl Ombudsman Provincial Jos\u00e9 Leonardo Gialluca denunci\u00f3 que siendo aproximadamente las 14:10 hs. del d\u00eda de ayer, un grupo de (30) manifestantes, encabezados por Soledad Mendoza, se dirigieron hasta la Municipalidad de Clorinda, donde mantuvieron una prolongada reuni\u00f3n con el Secretario de Gobierno Alejandro NAVAS y el Subsecretario de Desarrollo Humano de la Comuna Alejo Esp\u00edndola.<br \/>\nEn dicha reuni\u00f3n el Secretario de Gobierno les habr\u00eda prometido ayuda social por el momento, consistente en entrega de ropas, mercader\u00edas y colchones para 34 familias que dicen los manifestantes, fueron afectadas por las \u00faltimas lluvias, realiz\u00e1ndose para ello un relevamiento ambiental para ver las necesidades diferentes de cada hogar, e inform\u00f3 tambi\u00e9n ya se est\u00e1n haciendo los tr\u00e1mites correspondientes para conseguir el terreno en el barrio 1\u00b0 de Mayo, y donde se construir\u00e1n m\u00f3dulos habitacionales para dichas familias censadas. Frente los manifestantes se negaron ya que exigen que directamente se les entregue ya las viviendas en construcci\u00f3n que se encuentran en el barrio antes referenciado, salte\u00e1ndose y omiti\u00e9ndose as\u00ed todo tr\u00e1mite administrativo, lo que con su conducta violenta; terminan perjudicando a otros vecinos con mayores necesidades de nuestra segunda Ciudad. As\u00ed las cosas se retiraron del Municipio y el grupo de manifestantes que hab\u00eda quedado en la ruta, unas (50) personas, siendo las 15:00 horas volvi\u00f3 a cortar totalmente la Ruta Nacional N\u00b011, camino al paso fronterizo San Ignacio de Loyola; impidiendo la libre circulaci\u00f3n de personas, veh\u00edculos particulares, de transporte p\u00fablico y otros.<br \/>\nDesde el Organismo de la Constituci\u00f3n, tambi\u00e9n se denunci\u00f3 y se pidi\u00f3 la intervenci\u00f3n de la Ministra de Seguridad de Naci\u00f3n Patricia Bullrich y de la Ministra de Desarrollo Social Carolina Stanley, para que ordenen y gestionen las medidas que permitan descomprimir esta grave situaci\u00f3n. Siendo 15:20 horas el grupo de (30) personas, encabezados por Soledad Mendoza, volvieron al lugar del corte y en este momento permanecen unos (80) manifestantes aproximadamente sobre la cinta asf\u00e1ltica con banderas en reclamo de viviendas, se\u00f1alaron que a las 20 hs habilitaran por una hora el tr\u00e1nsito y luego lo volver\u00edan a cortar.<br \/>\nGialluca, consider\u00f3 como sumamente inaceptable adem\u00e1s que a partir de las 16:05 horas tambi\u00e9n se est\u00e1 impidiendo el paso de acceso a la Planta de Gas de la Cooperativa Clorinda; lo cual hace que los comercios particulares est\u00e9n especulando con el precio de la garrafa de 10kg, lo cual la est\u00e1n ofreciendo a $200 y hasta $250, todo como resultado del desabastecimiento que producen las acciones ilegales de este grupo de manifestantes.<br \/>\nSe les hizo llegar a los mismos desde la Defensor\u00eda del Pueblo, la invitaci\u00f3n a un espacio de di\u00e1logo, y mesa de trabajo para abordar con las Autoridades Competentes el tema de viviendas y otros, pero Institucionalmente se rechaz\u00f3 este tipo de acciones que producen grav\u00edsimos perjuicios al resto de los ciudadanos.<\/p>\n","protected":false},"excerpt":{"rendered":"<p>&#8211; Existen sobreprecios en la garrafa de 10kg frente al bloqueo al acceso a la Planta de Gas de la Cooperativa Clorinda \u2013<\/p>\n","protected":false},"author":1,"featured_media":5270,"comment_status":"closed","ping_status":"closed","sticky":false,"template":"","format":"standard","meta":{"footnotes":""},"categories":[1,7,3],"tags":[],"class_list":["post-5269","post","type-post","status-publish","format-standard","has-post-thumbnail","hentry","category-noticias","category-seguridad-vial","category-defensa-de-los-derechos-del-usuario-consumidor-contribuyentes"],"_links":{"self":[{"href":"https:\/\/defensoriaformosa.gob.ar\/index.php?rest_route=\/wp\/v2\/posts\/5269","targetHints":{"allow":["GET"]}}],"collection":[{"href":"https:\/\/defensoriaformosa.gob.ar\/index.php?rest_route=\/wp\/v2\/posts"}],"about":[{"href":"https:\/\/defensoriaformosa.gob.ar\/index.php?rest_route=\/wp\/v2\/types\/post"}],"author":[{"embeddable":true,"href":"https:\/\/defensoriaformosa.gob.ar\/index.php?rest_route=\/wp\/v2\/users\/1"}],"replies":[{"embeddable":true,"href":"https:\/\/defensoriaformosa.gob.ar\/index.php?rest_route=%2Fwp%2Fv2%2Fcomments&post=5269"}],"version-history":[{"count":1,"href":"https:\/\/defensoriaformosa.gob.ar\/index.php?rest_route=\/wp\/v2\/posts\/5269\/revisions"}],"predecessor-version":[{"id":5271,"href":"https:\/\/defensoriaformosa.gob.ar\/index.php?rest_route=\/wp\/v2\/posts\/5269\/revisions\/5271"}],"wp:featuredmedia":[{"embeddable":true,"href":"https:\/\/defensoriaformosa.gob.ar\/index.php?rest_route=\/wp\/v2\/media\/5270"}],"wp:attachment":[{"href":"https:\/\/defensoriaformosa.gob.ar\/index.php?rest_route=%2Fwp%2Fv2%2Fmedia&parent=5269"}],"wp:term":[{"taxonomy":"category","embeddable":true,"href":"https:\/\/defensoriaformosa.gob.ar\/index.php?rest_route=%2Fwp%2Fv2%2Fcategories&post=5269"},{"taxonomy":"post_tag","embeddable":true,"href":"https:\/\/defensoriaformosa.gob.ar\/index.php?rest_route=%2Fwp%2Fv2%2Ftags&post=5269"}],"curies":[{"name":"wp","href":"https:\/\/api.w.org\/{rel}","templated":true}]}}