{"id":4647,"date":"2017-02-01T18:21:13","date_gmt":"2017-02-01T21:21:13","guid":{"rendered":"http:\/\/2015.defensoriaformosa.gob.ar\/?p=4647"},"modified":"2017-02-01T18:21:13","modified_gmt":"2017-02-01T21:21:13","slug":"la-defensoria-considera-irracionales-al-aumento-de-energia-impuesto-desde-nacion-y-no-descarta-acudir-a-la-justicia-para-anularlos","status":"publish","type":"post","link":"https:\/\/defensoriaformosa.gob.ar\/?p=4647","title":{"rendered":"LA DEFENSOR\u00cdA CONSIDERA IRRACIONALES AL AUMENTO DE ENERG\u00cdA IMPUESTO DESDE NACI\u00d3N Y NO DESCARTA ACUDIR A LA JUSTICIA PARA ANULARLOS"},"content":{"rendered":"<p><strong>Ya a comienzos de \u00e9ste a\u00f1o la Defensor\u00eda del Pueblo preanunci\u00f3 la intenci\u00f3n del Ministerio de Energ\u00eda y Miner\u00eda (MEM) de la Naci\u00f3n, a cargo del Ing. Juan Jos\u00e9 Aranguren, de operar subas en los servicios p\u00fablicos que, en el caso de la Energ\u00eda El\u00e9ctrica, se aplicar\u00e1n desde comienzos de este mes ubic\u00e1ndose en el orden de entre 60 y 148% entre generaci\u00f3n y transporte, lo que, necesariamente impactar\u00e1 de manera significativa en la tarifa de distribuci\u00f3n que pagan los usuarios finales en la Provincia. Desde las Distribuidoras de la Regi\u00f3n NEA, adelantaron que el precio mayorista les ser\u00e1 elevado en casi un 100 %, lo que determinar\u00e1 que haciendo el mayor de los esfuerzos posibles el piso para el aumento a los usuarios residenciales no podr\u00e1 ser menor a\u00a0 40 %.<\/strong><\/p>\n<p><!--more--><\/p>\n<p>A \u00e9ste respecto, el Defensor del Pueblo de Formosa, Jos\u00e9 Leonardo Gialluca, expres\u00f3: \u00ab\u00c9ste tipo de medidas, adoptadas desde el Gobierno Nacional, es completamente irracional, pues no se tiene en cuenta el impacto en la econom\u00eda de quienes deben asumir los incrementos esto es, imponen subas que est\u00e1n muy por sobre las posibilidades de pago de los usuarios, en general, y no guardan ninguna relaci\u00f3n con la evoluci\u00f3n de sus ingresos. Las Defensor\u00edas del Pueblo de todo el pa\u00eds oportunamente solicitamos al MEM que la evoluci\u00f3n de las tarifas de los servicios sea acorde con el incremento de los salarios y, una vez m\u00e1s, han hecho caso omiso al pedido. Denunciamos que se est\u00e1 operando una transferencia de recursos de los usuarios hacia las grandes empresas. El Ombudsman remarc\u00f3 que el aumento es excesivo e injusto, sosteniendo que los usuarios van a tener que financiar las inversiones que le corresponden a las generadoras y transportistas para mejorar el servicio. Parece que al Gobierno Nacional, dispar\u00f3, se le escapa que \u00e9stos aumentos desmedidos terminan impactando en los precios de los productos b\u00e1sicos como alimentos e indumentarias, generando una nueva p\u00e9rdida del poder adquisitivo de los trabajadores y del sector pasivo, a las puertas del inicio del ciclo lectivo 2017, en que las familias que tienen hijos en edad escolar deben afrontar econ\u00f3micamente \u00e9sta etapa, m\u00e1s las alzas irracionales que se disponen para los servicios.-\u00bb A su turno, el Secretario Letrado de la Defensor\u00eda, Jos\u00e9 Porfirio Garc\u00eda, expres\u00f3 que el aumento dispuesto desde el Gobierno Nacional, afecta el principio de racionalidad, por lo que expres\u00f3 el Defensor, pero adem\u00e1s, no cumple con las premisas de gradualidad y proporcionalidad, exigidas por la Corte Suprema de Justicia de la Naci\u00f3n a la actual administraci\u00f3n nacional para poder validar toda suba en los servicios p\u00fablicos esenciales, avasallando derechos constitucionales de los usuarios, lo cual autoriza al Organismo de la Constituci\u00f3n Provincial, primeramente, a interponer las acciones administrativas contra \u00e9ste nuevo tarifazo que se presenta como ilegal y arbitrario. De no recibir respuestas positivas quedar\u00e1 expedita la v\u00eda judicial ante la Justicia Federal para acudir en defensa de los derechos patrimoniales de los usuarios formose\u00f1os.-\u00ab<\/p>\n","protected":false},"excerpt":{"rendered":"<p>Ya a comienzos de \u00e9ste a\u00f1o la Defensor\u00eda del Pueblo preanunci\u00f3 la intenci\u00f3n del Ministerio de Energ\u00eda y Miner\u00eda (MEM) de la Naci\u00f3n, a cargo del Ing. Juan Jos\u00e9 Aranguren, de operar subas en los servicios p\u00fablicos que, en el caso de la Energ\u00eda El\u00e9ctrica, se aplicar\u00e1n desde comienzos de este mes ubic\u00e1ndose en el [&hellip;]<\/p>\n","protected":false},"author":1,"featured_media":4648,"comment_status":"closed","ping_status":"closed","sticky":false,"template":"","format":"standard","meta":{"footnotes":""},"categories":[1,3],"tags":[],"class_list":["post-4647","post","type-post","status-publish","format-standard","has-post-thumbnail","hentry","category-noticias","category-defensa-de-los-derechos-del-usuario-consumidor-contribuyentes"],"_links":{"self":[{"href":"https:\/\/defensoriaformosa.gob.ar\/index.php?rest_route=\/wp\/v2\/posts\/4647","targetHints":{"allow":["GET"]}}],"collection":[{"href":"https:\/\/defensoriaformosa.gob.ar\/index.php?rest_route=\/wp\/v2\/posts"}],"about":[{"href":"https:\/\/defensoriaformosa.gob.ar\/index.php?rest_route=\/wp\/v2\/types\/post"}],"author":[{"embeddable":true,"href":"https:\/\/defensoriaformosa.gob.ar\/index.php?rest_route=\/wp\/v2\/users\/1"}],"replies":[{"embeddable":true,"href":"https:\/\/defensoriaformosa.gob.ar\/index.php?rest_route=%2Fwp%2Fv2%2Fcomments&post=4647"}],"version-history":[{"count":1,"href":"https:\/\/defensoriaformosa.gob.ar\/index.php?rest_route=\/wp\/v2\/posts\/4647\/revisions"}],"predecessor-version":[{"id":4649,"href":"https:\/\/defensoriaformosa.gob.ar\/index.php?rest_route=\/wp\/v2\/posts\/4647\/revisions\/4649"}],"wp:featuredmedia":[{"embeddable":true,"href":"https:\/\/defensoriaformosa.gob.ar\/index.php?rest_route=\/wp\/v2\/media\/4648"}],"wp:attachment":[{"href":"https:\/\/defensoriaformosa.gob.ar\/index.php?rest_route=%2Fwp%2Fv2%2Fmedia&parent=4647"}],"wp:term":[{"taxonomy":"category","embeddable":true,"href":"https:\/\/defensoriaformosa.gob.ar\/index.php?rest_route=%2Fwp%2Fv2%2Fcategories&post=4647"},{"taxonomy":"post_tag","embeddable":true,"href":"https:\/\/defensoriaformosa.gob.ar\/index.php?rest_route=%2Fwp%2Fv2%2Ftags&post=4647"}],"curies":[{"name":"wp","href":"https:\/\/api.w.org\/{rel}","templated":true}]}}