{"id":4634,"date":"2017-01-30T17:56:26","date_gmt":"2017-01-30T20:56:26","guid":{"rendered":"http:\/\/2015.defensoriaformosa.gob.ar\/?p=4634"},"modified":"2017-01-30T17:56:26","modified_gmt":"2017-01-30T20:56:26","slug":"a-pedido-de-la-defensoria-el-ministerio-de-relaciones-exteriores-y-culto-junto-al-de-seguridad-tomaron-intervencion-por-los-hechos-delictivos-producidos-en-aguas-del-rio-paraguay","status":"publish","type":"post","link":"https:\/\/defensoriaformosa.gob.ar\/?p=4634","title":{"rendered":"A PEDIDO DE LA DEFENSORIA EL MINISTERIO DE RELACIONES EXTERIORES Y CULTO JUNTO AL DE SEGURIDAD TOMARON INTERVENCION POR LOS HECHOS DELICTIVOS PRODUCIDOS EN AGUAS DEL RIO PARAGUAY"},"content":{"rendered":"<p><strong>El Ministerio de Relaciones Exteriores y Culto de la Naci\u00f3n a cargo de la Dra. Susana Mabel Malcorra, frente a las Actuaciones interpuestas por la Defensor\u00eda del Pueblo en relaci\u00f3n a que intervenga en base a la Ley N\u00ba 24059 de Seguridad Interior, conjuntamente con la actual Ministra de Seguridad por los hechos de violencia producidos en aguas del Rio Paraguay siendo este un curso h\u00eddrico binacional y a los efectos de mantener el orden p\u00fablico, brindar seguridad a los ciudadanos argentinos, combatir el contrabando, y el control de las aguas argentinas, dotando para ello a la Prefectura Naval local de mejores elementos materiales para cumplir con sus funciones conforme a la normativa vigente, remiti\u00f3 la Nota N\u00ba NO-2017- 01031125 conjuntamente con la respuesta N\u00ba 9\/17 del Ministerio de Seguridad, suscripto por el Prefecto General Rodolfo Eduardo Zurmhule, a cargo de la Direcci\u00f3n de Operaciones.<\/strong><\/p>\n<p><!--more--><\/p>\n<p>El Ombudsman Provincial, Dr. Jos\u00e9 Leonardo Gialluca informo que la Directora de Limites y Fronteras del Ministerio de Relacion\u00e9is Exteriores y Culto, Do\u00f1a M\u00f3nica Clarisa Avogardo, se\u00f1alo que frente a los sucesos delictivos ocurridos en aguas del Rio Paraguay, en los tramos compartidos por nuestro pa\u00eds se ha informado y ordenado a la Prefectura Naval Argentina, a fin de que se adopten todas las medidas que sean efectivas y necesarias.<\/p>\n<p>Institucionalmente, esperamos que avancen las causas judiciales que se encuentran radicadas en las fiscal\u00edas federales de Formosa, como as\u00ed tambi\u00e9n en nuestra justicia provincial, para lograr esclarecer estos hechos delictivos y por otra parte el Ombudsman expreso que confiamos en todas las medidas preventivas que adopte la Prefectura Naval Argentina, para resguardar la seguridad de nuestros ciudadanos.<\/p>\n","protected":false},"excerpt":{"rendered":"<p>El Ministerio de Relaciones Exteriores y Culto de la Naci\u00f3n a cargo de la Dra. Susana Mabel Malcorra, frente a las Actuaciones interpuestas por la Defensor\u00eda del Pueblo en relaci\u00f3n a que intervenga en base a la Ley N\u00ba 24059 de Seguridad Interior, conjuntamente con la actual Ministra de Seguridad por los hechos de violencia [&hellip;]<\/p>\n","protected":false},"author":1,"featured_media":4635,"comment_status":"closed","ping_status":"closed","sticky":false,"template":"","format":"standard","meta":{"footnotes":""},"categories":[1],"tags":[],"class_list":["post-4634","post","type-post","status-publish","format-standard","has-post-thumbnail","hentry","category-noticias"],"_links":{"self":[{"href":"https:\/\/defensoriaformosa.gob.ar\/index.php?rest_route=\/wp\/v2\/posts\/4634","targetHints":{"allow":["GET"]}}],"collection":[{"href":"https:\/\/defensoriaformosa.gob.ar\/index.php?rest_route=\/wp\/v2\/posts"}],"about":[{"href":"https:\/\/defensoriaformosa.gob.ar\/index.php?rest_route=\/wp\/v2\/types\/post"}],"author":[{"embeddable":true,"href":"https:\/\/defensoriaformosa.gob.ar\/index.php?rest_route=\/wp\/v2\/users\/1"}],"replies":[{"embeddable":true,"href":"https:\/\/defensoriaformosa.gob.ar\/index.php?rest_route=%2Fwp%2Fv2%2Fcomments&post=4634"}],"version-history":[{"count":1,"href":"https:\/\/defensoriaformosa.gob.ar\/index.php?rest_route=\/wp\/v2\/posts\/4634\/revisions"}],"predecessor-version":[{"id":4636,"href":"https:\/\/defensoriaformosa.gob.ar\/index.php?rest_route=\/wp\/v2\/posts\/4634\/revisions\/4636"}],"wp:featuredmedia":[{"embeddable":true,"href":"https:\/\/defensoriaformosa.gob.ar\/index.php?rest_route=\/wp\/v2\/media\/4635"}],"wp:attachment":[{"href":"https:\/\/defensoriaformosa.gob.ar\/index.php?rest_route=%2Fwp%2Fv2%2Fmedia&parent=4634"}],"wp:term":[{"taxonomy":"category","embeddable":true,"href":"https:\/\/defensoriaformosa.gob.ar\/index.php?rest_route=%2Fwp%2Fv2%2Fcategories&post=4634"},{"taxonomy":"post_tag","embeddable":true,"href":"https:\/\/defensoriaformosa.gob.ar\/index.php?rest_route=%2Fwp%2Fv2%2Ftags&post=4634"}],"curies":[{"name":"wp","href":"https:\/\/api.w.org\/{rel}","templated":true}]}}