{"id":4631,"date":"2017-01-30T17:53:59","date_gmt":"2017-01-30T20:53:59","guid":{"rendered":"http:\/\/2015.defensoriaformosa.gob.ar\/?p=4631"},"modified":"2017-01-30T17:53:59","modified_gmt":"2017-01-30T20:53:59","slug":"la-defensoria-del-pueblo-pidio-que-el-titular-de-la-aduana-sea-separado-de-su-cargo-por-haber-incurrido-en-apologia-del-delito-justificando-la-desaparicion-de-personas-el-robo-de-bebes-y-la-tortura-d","status":"publish","type":"post","link":"https:\/\/defensoriaformosa.gob.ar\/?p=4631","title":{"rendered":"LA DEFENSORIA DEL PUEBLO PIDIO QUE EL TITULAR DE LA ADUANA SEA SEPARADO DE SU CARGO POR HABER INCURRIDO EN APOLOGIA DEL DELITO JUSTIFICANDO LA DESAPARICION DE PERSONAS, EL ROBO DE BEBES Y LA TORTURA DE MILES DE ARGENTINOS"},"content":{"rendered":"<p><strong>LA DEFENSORIA DEL PUEBLO PIDIO QUE EL TITULAR DE LA ADUANA SEA SEPARADO DE SU CARGO<\/strong><\/p>\n<p><!--more--><\/p>\n<p>La- Direcci\u00f3n de Derechos Humanos y Grupos Minoritarios, Discriminaci\u00f3n, Xenofobia, Trata de Personas, Discapacidad-, de la Defensor\u00eda del Pueblo de la Provincia de Formosa, denuncio en el d\u00eda de ayer formalmente al Director General de Aduanas, Juan Jos\u00e9 G\u00f3mez Centuri\u00f3n, al haber afirmado que \u201cla dictadura no fue un plan genocida\u201d y adem\u00e1s entre otras desacertadas expresiones el funcionario nacional dijo, \u201cque no fueron 30 mil los desaparecidos y que hay 8 mil verdades y 22 mil mentiras, defendiendo adem\u00e1s al genocida Alfredo Astiz y reivindicando el levantamiento militar de Semana Santa de 1987\u201d; por ante el Ministerio de Justicia y Derechos Humanos a cargo de German Garavano, la Secretar\u00eda de Derechos Humanos y Pluralismo Cultural y adem\u00e1s ante el Inadi- Delegaci\u00f3n Formosa- y Sede Central; pidiendo tambi\u00e9n el apartamiento de este funcionario p\u00fablico, afirmando el Ombudsman Provincial que m\u00e1s all\u00e1 de los repudios generalizados que se hagan al respecto, el Gobierno Nacional, debe tomar medidas urgentes contra el mismo, de Oficio ya que nadie en nuestro pa\u00eds, puede negar que desde 1976 en adelante, sufrimos los argentinos la peor dictadura que se llev\u00f3 a cabo a trav\u00e9s de un terrorismo de Estado ejecutado desde las c\u00fapulas militares junto a grupos de civiles y que no solo dejaron 30 mil desaparecidos sino tambi\u00e9n robos de beb\u00e9s, asesinatos, torturas, con lo cual \u201cesta apolog\u00eda del delito llevada a cabo por el titular de la aduana, no es algo que se puede tomar como una declaraci\u00f3n a t\u00edtulo personal ,\u00a0 ya que \u00e9l representa actualmente al Gobierno Nacional y para no ser c\u00f3mplices o pretender groseramente justificar, estas aterradoras afirmaciones, debe ser separado de la funci\u00f3n p\u00fablica, puesto que es una persona,\u00a0 \u201cque no le hace bien a nuestra democracia, menos a\u00fan a los familiares de miles de v\u00edctimas de la dictadura militar y si bien tiene el derecho a pensar diferente, lo que no puede hacer es apolog\u00eda del delito, desde un cargo p\u00fablico del Estado Nacional, tergiversando la historia nacional y otorgando un mensaje hacia nuestra sociedad , que hoy se debate por obtener, trabajo, y llevar a sus casas los productos m\u00ednimos esenciales para poder subsistir o ver como hace para pagar los servicios p\u00fablicos o los combustibles y en este escenario antes descripto el actual titular de la aduana, es evidente que lo \u00fanico que busca es un mayor enfrentamiento entre los argentinos y no cumple con una de sus funciones como representante del Gobierno Nacional, que es la de lograr acciones y gestiones mancomunadas para salir adelante, respetando siempre los derechos humanos de todos\u201d.<\/p>\n<p>&nbsp;<\/p>\n","protected":false},"excerpt":{"rendered":"<p>LA DEFENSORIA DEL PUEBLO PIDIO QUE EL TITULAR DE LA ADUANA SEA SEPARADO DE SU CARGO<\/p>\n","protected":false},"author":1,"featured_media":4632,"comment_status":"closed","ping_status":"closed","sticky":false,"template":"","format":"standard","meta":{"footnotes":""},"categories":[4,1],"tags":[],"class_list":["post-4631","post","type-post","status-publish","format-standard","has-post-thumbnail","hentry","category-ddhh","category-noticias"],"_links":{"self":[{"href":"https:\/\/defensoriaformosa.gob.ar\/index.php?rest_route=\/wp\/v2\/posts\/4631","targetHints":{"allow":["GET"]}}],"collection":[{"href":"https:\/\/defensoriaformosa.gob.ar\/index.php?rest_route=\/wp\/v2\/posts"}],"about":[{"href":"https:\/\/defensoriaformosa.gob.ar\/index.php?rest_route=\/wp\/v2\/types\/post"}],"author":[{"embeddable":true,"href":"https:\/\/defensoriaformosa.gob.ar\/index.php?rest_route=\/wp\/v2\/users\/1"}],"replies":[{"embeddable":true,"href":"https:\/\/defensoriaformosa.gob.ar\/index.php?rest_route=%2Fwp%2Fv2%2Fcomments&post=4631"}],"version-history":[{"count":1,"href":"https:\/\/defensoriaformosa.gob.ar\/index.php?rest_route=\/wp\/v2\/posts\/4631\/revisions"}],"predecessor-version":[{"id":4633,"href":"https:\/\/defensoriaformosa.gob.ar\/index.php?rest_route=\/wp\/v2\/posts\/4631\/revisions\/4633"}],"wp:featuredmedia":[{"embeddable":true,"href":"https:\/\/defensoriaformosa.gob.ar\/index.php?rest_route=\/wp\/v2\/media\/4632"}],"wp:attachment":[{"href":"https:\/\/defensoriaformosa.gob.ar\/index.php?rest_route=%2Fwp%2Fv2%2Fmedia&parent=4631"}],"wp:term":[{"taxonomy":"category","embeddable":true,"href":"https:\/\/defensoriaformosa.gob.ar\/index.php?rest_route=%2Fwp%2Fv2%2Fcategories&post=4631"},{"taxonomy":"post_tag","embeddable":true,"href":"https:\/\/defensoriaformosa.gob.ar\/index.php?rest_route=%2Fwp%2Fv2%2Ftags&post=4631"}],"curies":[{"name":"wp","href":"https:\/\/api.w.org\/{rel}","templated":true}]}}