{"id":4628,"date":"2017-01-29T19:03:05","date_gmt":"2017-01-29T22:03:05","guid":{"rendered":"http:\/\/2015.defensoriaformosa.gob.ar\/?p=4628"},"modified":"2017-01-29T19:03:05","modified_gmt":"2017-01-29T22:03:05","slug":"vecinos-de-diferentes-barrios-y-la-defensoria-del-pueblo-se-uniran-a-campana-contra-ruidos-molestos-y-en-otros-casos-ante-la-reincidencia-se-iniciaran-las-denuncias-correspondientes","status":"publish","type":"post","link":"https:\/\/defensoriaformosa.gob.ar\/?p=4628","title":{"rendered":"VECINOS DE DIFERENTES BARRIOS Y LA DEFENSORIA DEL PUEBLO  SE UNIRAN  A CAMPA\u00d1A CONTRA RUIDOS MOLESTOS Y EN OTROS CASOS ANTE LA REINCIDENCIA SE INICIARAN LAS DENUNCIAS CORRESPONDIENTES"},"content":{"rendered":"<p><strong>En el transcurso del presente a\u00f1o, desde la Defensor\u00eda del Pueblo se proyect\u00f3 con diferentes grupos de vecinos, tanto del B\u00ba San Isidro Labrador, Divino Ni\u00f1o, Ex La Colonia, La Floresta, Fontana, y San Mart\u00edn, entre otros, al haberse concretado una reuni\u00f3n con los mismos durante el corriente mes, a trabajar en la concientizaci\u00f3n hacia toda la Comunidad sobre la gravedad que ocasionan los \u201cruidos molestos\u201d y como bien consideraron los vecinos esta es una causa que vienen padeciendo desde hace tiempo y que en algunos casos es ocasionado por eventos en clubes, o sedes sociales, gremios, fiestas no autorizadas en casas de familia, o la reproducci\u00f3n de m\u00fasica por mero esparcimiento a vol\u00famenes elevados sobre todo en d\u00edas laborales y en horarios de descanso, lo que afecta la calidad de vida para \u201ctornarse ya no en ruidos molestos sino en ruidos agresivos\u201d.<\/strong><\/p>\n<p><!--more--><\/p>\n<p>El Ombudsman Provincial, Dr. Jos\u00e9 Leonardo Gialluca, recogi\u00f3 las quejas de estos vecinos, que a causa de los ruidos molestos, vienen siendo perjudicados en su salud y actualmente est\u00e1n siendo tratados por estados de nerviosismo, ansiedad, depresi\u00f3n, lo que ha afectado su bienestar psicof\u00edsico y en otros casos han llegado a tener fuertes diferencias con vecinos o instituciones que no respetan las normativas vigentes en esta materia. Gialluca les expreso a los antes citados, que se prosiguiera con las causas que ya est\u00e1n tramitando por ante los Juzgados de Paz y acordaron para el mes de febrero una convocatoria m\u00e1s ampliada, con integrantes de Bromatolog\u00eda de la Municipalidad, Fuerzas de Seguridad, Cuerpo de Bomberos y otros Organismos con competencia en la materia y as\u00ed lograr una agenda de trabajo que permita neutralizar estas diferentes cuestiones planteadas.<\/p>\n<p>A su turno el Representante de la Defensor\u00eda del Pueblo de Naci\u00f3n, Dr. Julio N\u00e9stor Santander, expreso que en todos los casos se iniciar\u00e1n las acciones para hacer cumplir a quienes trasgredan\u00a0 las Ordenanzas que tienen por objetivo dentro del ejido municipal, prohibir que se produzcan o estimulen ruidos innecesarios y\/o excesivos , cualquiera fuera el medio que se utilice\u00a0 para concretarlos y se pedir\u00e1 tambi\u00e9n que se efect\u00faen las mediciones sonoras en cualquier lugar a los fines de obtener una sanci\u00f3n al vecino o a los lugares de esparcimiento diurno y nocturnos que no entiendan la necesidad de respetar la tranquilidad p\u00fablica.<\/p>\n<p>Convivir con un vecino que escucha m\u00fasica fuerte o hace trabajos de alba\u00f1iler\u00eda a la madrugada, tener un comercio cercano con m\u00e1quinas que emiten ruidos en exceso, lidiar con discotecas o salones de esparcimiento que no tienen instalado un sistema de insonorizaci\u00f3n adecuado, o atravesar diariamente por emisiones sonoras que perturban la tranquilidad en horarios inoportunos, son situaciones con las que m\u00e1s de un formose\u00f1o viene enfrentando y que, en muchos casos, no s\u00f3lo generan malestar personal, sino tambi\u00e9n motivan conflictos de convivencia.<\/p>\n<p>Por ello la idea es que conozcamos todos nuestros derechos y obligaciones y saber cu\u00e1l es el camino a seguir cuando se presentan estas situaciones ya que desde la Defensor\u00eda del Pueblo, entendemos\u00a0 que no todos los casos, se pueden resolver con sanciones, y si a trav\u00e9s de\u00a0 la \u2013 Direcci\u00f3n de Justicia y Mediaci\u00f3n Comunitaria-\u00a0 alcanzar Acuerdos que impliquen una satisfacci\u00f3n para ambas partes y si no se logra ello dar intervenci\u00f3n al Tribunal de Faltas Municipal o a los Juzgados de Paz o directamente acudir a la Justicia Civil en aquellas infracciones reiteradas y en donde no exista voluntad para superar un da\u00f1o que perjudica la salud de terceros y el ambiente.<\/p>\n","protected":false},"excerpt":{"rendered":"<p>En el transcurso del presente a\u00f1o, desde la Defensor\u00eda del Pueblo se proyect\u00f3 con diferentes grupos de vecinos, tanto del B\u00ba San Isidro Labrador, Divino Ni\u00f1o, Ex La Colonia, La Floresta, Fontana, y San Mart\u00edn, entre otros, al haberse concretado una reuni\u00f3n con los mismos durante el corriente mes, a trabajar en la concientizaci\u00f3n hacia [&hellip;]<\/p>\n","protected":false},"author":1,"featured_media":4629,"comment_status":"closed","ping_status":"closed","sticky":false,"template":"","format":"standard","meta":{"footnotes":""},"categories":[5,1],"tags":[],"class_list":["post-4628","post","type-post","status-publish","format-standard","has-post-thumbnail","hentry","category-ambiente-y-desarrollo-sustentable","category-noticias"],"_links":{"self":[{"href":"https:\/\/defensoriaformosa.gob.ar\/index.php?rest_route=\/wp\/v2\/posts\/4628","targetHints":{"allow":["GET"]}}],"collection":[{"href":"https:\/\/defensoriaformosa.gob.ar\/index.php?rest_route=\/wp\/v2\/posts"}],"about":[{"href":"https:\/\/defensoriaformosa.gob.ar\/index.php?rest_route=\/wp\/v2\/types\/post"}],"author":[{"embeddable":true,"href":"https:\/\/defensoriaformosa.gob.ar\/index.php?rest_route=\/wp\/v2\/users\/1"}],"replies":[{"embeddable":true,"href":"https:\/\/defensoriaformosa.gob.ar\/index.php?rest_route=%2Fwp%2Fv2%2Fcomments&post=4628"}],"version-history":[{"count":1,"href":"https:\/\/defensoriaformosa.gob.ar\/index.php?rest_route=\/wp\/v2\/posts\/4628\/revisions"}],"predecessor-version":[{"id":4630,"href":"https:\/\/defensoriaformosa.gob.ar\/index.php?rest_route=\/wp\/v2\/posts\/4628\/revisions\/4630"}],"wp:featuredmedia":[{"embeddable":true,"href":"https:\/\/defensoriaformosa.gob.ar\/index.php?rest_route=\/wp\/v2\/media\/4629"}],"wp:attachment":[{"href":"https:\/\/defensoriaformosa.gob.ar\/index.php?rest_route=%2Fwp%2Fv2%2Fmedia&parent=4628"}],"wp:term":[{"taxonomy":"category","embeddable":true,"href":"https:\/\/defensoriaformosa.gob.ar\/index.php?rest_route=%2Fwp%2Fv2%2Fcategories&post=4628"},{"taxonomy":"post_tag","embeddable":true,"href":"https:\/\/defensoriaformosa.gob.ar\/index.php?rest_route=%2Fwp%2Fv2%2Ftags&post=4628"}],"curies":[{"name":"wp","href":"https:\/\/api.w.org\/{rel}","templated":true}]}}