{"id":4622,"date":"2017-01-27T17:17:15","date_gmt":"2017-01-27T20:17:15","guid":{"rendered":"http:\/\/2015.defensoriaformosa.gob.ar\/?p=4622"},"modified":"2017-01-27T17:17:15","modified_gmt":"2017-01-27T20:17:15","slug":"con-un-nuevo-aumento-de-la-luz-la-proxima-semana-se-incrementaran-productos-de-consumo-masivo-y-servicios-en-un-36-aproximadamente","status":"publish","type":"post","link":"https:\/\/defensoriaformosa.gob.ar\/?p=4622","title":{"rendered":"CON UN NUEVO AUMENTO DE LA LUZ LA PROXIMA SEMANA, SE INCREMENTARAN PRODUCTOS DE CONSUMO MASIVO Y SERVICIOS EN UN 36% APROXIMADAMENTE"},"content":{"rendered":"<p><strong>Denuncio la Defensor\u00eda del Pueblo que la pr\u00f3xima semana, esto es a partir del 1 de febrero el Gobierno Nacional volver\u00e1 a aumentar la luz en un porcentaje aproximado del 40% al mismo tiempo que tambi\u00e9n\u00a0 subir\u00e1n por otro lado adem\u00e1s, las prepagas.<\/strong><\/p>\n<p><!--more--><\/p>\n<p>Tras un 2016 con fuertes subas en los servicios, el primer d\u00eda de febrero aumentar\u00e1 nuevamente la luz en todo el pa\u00eds y, a cinco d\u00edas de esa fecha, a\u00fan no se conoce de cuanto ser\u00e1n precisamente las subas, ya que existen prestatarias que piden hasta un 80% de incrementos, siendo que el actual Ministerio de Energ\u00eda, a cargo de Juan Jos\u00e9 Aranguren, estimo que la factura de un hogar promedio en el Gran Buenos Aires, se situara en torno de los 300 kWh\/mes en un valor desde febrero pr\u00f3ximo en un 36% m\u00e1s, por lo que llegar\u00eda hasta los $500 de importe.<\/p>\n<p>El objetivo del Gobierno Nacional en esta tem\u00e1tica involucra dos cuestiones. Por un lado, reducir los subsidios del Estado a la energ\u00eda y de esa manera reducir el impacto fiscal de las asistencias al sector privado. Por otro lado queda en juego la inflaci\u00f3n para este a\u00f1o, que fue proyectada en un 17% anual, pero con estos aumentos abusivos no habr\u00e1 sueldos ni del sector p\u00fablico ni del privado que puedan alcanzar para cubrir las necesidades b\u00e1sicas de cualquier familia argentina y adem\u00e1s ser\u00e1 f\u00e1cilmente superado ese 17% anual actualmente ut\u00f3pico.<\/p>\n<p>El Ombudsman Provincial, se\u00f1alo que el ENRE, que es el Ente que regula el sector el\u00e9ctrico, junto al Ministerio de Energ\u00eda y Miner\u00eda, contin\u00faan sin respetar los criterios de la Corte Suprema de Justicia de la Naci\u00f3n, y esto es sumamente peligroso, sobre todo en regiones como el NEA y NOA, donde el consumo de energ\u00eda el\u00e9ctrica se convierte en una necesidad ineludible y cuyo precio as\u00ed como van las cosas, \u201cno podr\u00e1n ser pagados por los usuarios residenciales que adem\u00e1s tendr\u00e1n que pagar de su bolsillo el aumento en bienes y servicios, esto es m\u00e1s remarcaciones de precios, mas inflaci\u00f3n, ya que los comercios, supermercados e hipermercados, trasladaran los mayores costos energ\u00e9ticos a los productos y servicios que brindan\u201d.<\/p>\n","protected":false},"excerpt":{"rendered":"<p>Denuncio la Defensor\u00eda del Pueblo que la pr\u00f3xima semana, esto es a partir del 1 de febrero el Gobierno Nacional volver\u00e1 a aumentar la luz en un porcentaje aproximado del 40% al mismo tiempo que tambi\u00e9n\u00a0 subir\u00e1n por otro lado adem\u00e1s, las prepagas.<\/p>\n","protected":false},"author":1,"featured_media":4623,"comment_status":"closed","ping_status":"closed","sticky":false,"template":"","format":"standard","meta":{"footnotes":""},"categories":[1],"tags":[],"class_list":["post-4622","post","type-post","status-publish","format-standard","has-post-thumbnail","hentry","category-noticias"],"_links":{"self":[{"href":"https:\/\/defensoriaformosa.gob.ar\/index.php?rest_route=\/wp\/v2\/posts\/4622","targetHints":{"allow":["GET"]}}],"collection":[{"href":"https:\/\/defensoriaformosa.gob.ar\/index.php?rest_route=\/wp\/v2\/posts"}],"about":[{"href":"https:\/\/defensoriaformosa.gob.ar\/index.php?rest_route=\/wp\/v2\/types\/post"}],"author":[{"embeddable":true,"href":"https:\/\/defensoriaformosa.gob.ar\/index.php?rest_route=\/wp\/v2\/users\/1"}],"replies":[{"embeddable":true,"href":"https:\/\/defensoriaformosa.gob.ar\/index.php?rest_route=%2Fwp%2Fv2%2Fcomments&post=4622"}],"version-history":[{"count":1,"href":"https:\/\/defensoriaformosa.gob.ar\/index.php?rest_route=\/wp\/v2\/posts\/4622\/revisions"}],"predecessor-version":[{"id":4624,"href":"https:\/\/defensoriaformosa.gob.ar\/index.php?rest_route=\/wp\/v2\/posts\/4622\/revisions\/4624"}],"wp:featuredmedia":[{"embeddable":true,"href":"https:\/\/defensoriaformosa.gob.ar\/index.php?rest_route=\/wp\/v2\/media\/4623"}],"wp:attachment":[{"href":"https:\/\/defensoriaformosa.gob.ar\/index.php?rest_route=%2Fwp%2Fv2%2Fmedia&parent=4622"}],"wp:term":[{"taxonomy":"category","embeddable":true,"href":"https:\/\/defensoriaformosa.gob.ar\/index.php?rest_route=%2Fwp%2Fv2%2Fcategories&post=4622"},{"taxonomy":"post_tag","embeddable":true,"href":"https:\/\/defensoriaformosa.gob.ar\/index.php?rest_route=%2Fwp%2Fv2%2Ftags&post=4622"}],"curies":[{"name":"wp","href":"https:\/\/api.w.org\/{rel}","templated":true}]}}