{"id":4599,"date":"2017-01-24T17:41:49","date_gmt":"2017-01-24T20:41:49","guid":{"rendered":"http:\/\/2015.defensoriaformosa.gob.ar\/?p=4599"},"modified":"2017-01-24T17:41:49","modified_gmt":"2017-01-24T20:41:49","slug":"nuestra-sociedad-demanda-ante-hechos-de-inseguridad-una-mayor-prevencion-y-que-la-justicia-condene-en-un-tiempo-razonable-con-severidad-a-los-delincuentes","status":"publish","type":"post","link":"https:\/\/defensoriaformosa.gob.ar\/?p=4599","title":{"rendered":"NUESTRA SOCIEDAD DEMANDA, ANTE HECHOS DE INSEGURIDAD UNA MAYOR PREVENCION Y QUE LA JUSTICIA CONDENE, EN UN TIEMPO RAZONABLE CON SEVERIDAD A LOS DELINCUENTES"},"content":{"rendered":"<p><strong>Se denunci\u00f3 desde la \u2013 Direcci\u00f3n de Justicia y Mediaci\u00f3n Comunitaria- de la Defensor\u00eda del Pueblo de la Provincia, que es necesario que las fuerzas de seguridad tanto provinciales como nacionales profundicen las acciones de prevenci\u00f3n, siendo esta la primera acci\u00f3n de enfrentamiento contra el delito y esto actualmente no es discutido por nadie.<\/strong><\/p>\n<p><!--more--><\/p>\n<p>Es una prioridad disputar palmo a palmo el lugar f\u00edsico de actuaci\u00f3n del delito, esto es la calle,\u00a0 porque cuando las fuerzas de seguridad no las ocupan, los delincuentes se apropian de las mismas y al mismo tiempo de la vida y de la propiedad de los ciudadanos.<\/p>\n<p>Por ello es necesaria la visualizaci\u00f3n de personal de seguridad en todos los barrios de nuestra ciudad ya que esto aleja cualquier acci\u00f3n delictiva que se trate de llevar adelante; hoy no existe otra manera de actuaci\u00f3n ante la magnitud del problema de conductas violentas que enfrentamos, adem\u00e1s de hacer uso de la inteligencia necesaria y de toda la tecnolog\u00eda con la que se pueda contar y trabajar para estar por encima de los delincuentes.<\/p>\n<p>Existen otras circunstancias que generan delincuencia actualmente, como lo es la exclusi\u00f3n, la pobreza, la falta de trabajo, que son relevantes , pero nuestra Comunidad se sentir\u00e1 segura cuando la presencia policial en el exterior sea permanente y otorgue seguridad a los ciudadanos, vivan en el lugar que vivan .<\/p>\n<p>Por otro lado, tambi\u00e9n es necesario decir que la sociedad tiene un concepto negativo de la Justicia, porque no observa resultados de quienes deber\u00edan resguardar los avasallamientos de la delincuencia. Es por ello que se habla de condenas blandas y acotadas sin importar el da\u00f1o que se haya causado y de un \u00a0\u00abgarantismo\u00bb estigmatizado y obsoleto donde los derechos de las v\u00edctimas quedan relegados por los derechos de los delincuentes<\/p>\n<p>Si bien es cierto que la inseguridad no tiene a la justicia como el primer eslab\u00f3n de actuaci\u00f3n y ello es as\u00ed porque no es su trabajo, pero frente a todos los delitos la justicia debe responderle a la sociedad con firmeza y en los t\u00e9rminos y plazos que corresponda porque primero si bien siempre va a estar la prevenci\u00f3n y la neutralizaci\u00f3n de los que delinquen por las fuerzas de seguridad, si posteriormente ese accionar no se acopla o es contradictorio al\u00a0 momento de juzgar, la ciudadan\u00eda entiende que sus derechos no est\u00e1n resguardados como corresponde y esas son actualmente las demandas existentes, adem\u00e1s del compromiso de los ciudadanos para poder erradicar toda clase de delitos, m\u00e1s aun aquellos que tienen caracter\u00edsticas de una alta violencia y abuso.<\/p>\n","protected":false},"excerpt":{"rendered":"<p>Se denunci\u00f3 desde la \u2013 Direcci\u00f3n de Justicia y Mediaci\u00f3n Comunitaria- de la Defensor\u00eda del Pueblo de la Provincia, que es necesario que las fuerzas de seguridad tanto provinciales como nacionales profundicen las acciones de prevenci\u00f3n, siendo esta la primera acci\u00f3n de enfrentamiento contra el delito y esto actualmente no es discutido por nadie.<\/p>\n","protected":false},"author":1,"featured_media":4586,"comment_status":"closed","ping_status":"closed","sticky":false,"template":"","format":"standard","meta":{"footnotes":""},"categories":[1],"tags":[],"class_list":["post-4599","post","type-post","status-publish","format-standard","has-post-thumbnail","hentry","category-noticias"],"_links":{"self":[{"href":"https:\/\/defensoriaformosa.gob.ar\/index.php?rest_route=\/wp\/v2\/posts\/4599","targetHints":{"allow":["GET"]}}],"collection":[{"href":"https:\/\/defensoriaformosa.gob.ar\/index.php?rest_route=\/wp\/v2\/posts"}],"about":[{"href":"https:\/\/defensoriaformosa.gob.ar\/index.php?rest_route=\/wp\/v2\/types\/post"}],"author":[{"embeddable":true,"href":"https:\/\/defensoriaformosa.gob.ar\/index.php?rest_route=\/wp\/v2\/users\/1"}],"replies":[{"embeddable":true,"href":"https:\/\/defensoriaformosa.gob.ar\/index.php?rest_route=%2Fwp%2Fv2%2Fcomments&post=4599"}],"version-history":[{"count":1,"href":"https:\/\/defensoriaformosa.gob.ar\/index.php?rest_route=\/wp\/v2\/posts\/4599\/revisions"}],"predecessor-version":[{"id":4600,"href":"https:\/\/defensoriaformosa.gob.ar\/index.php?rest_route=\/wp\/v2\/posts\/4599\/revisions\/4600"}],"wp:featuredmedia":[{"embeddable":true,"href":"https:\/\/defensoriaformosa.gob.ar\/index.php?rest_route=\/wp\/v2\/media\/4586"}],"wp:attachment":[{"href":"https:\/\/defensoriaformosa.gob.ar\/index.php?rest_route=%2Fwp%2Fv2%2Fmedia&parent=4599"}],"wp:term":[{"taxonomy":"category","embeddable":true,"href":"https:\/\/defensoriaformosa.gob.ar\/index.php?rest_route=%2Fwp%2Fv2%2Fcategories&post=4599"},{"taxonomy":"post_tag","embeddable":true,"href":"https:\/\/defensoriaformosa.gob.ar\/index.php?rest_route=%2Fwp%2Fv2%2Ftags&post=4599"}],"curies":[{"name":"wp","href":"https:\/\/api.w.org\/{rel}","templated":true}]}}