{"id":4588,"date":"2017-01-23T21:47:30","date_gmt":"2017-01-24T00:47:30","guid":{"rendered":"http:\/\/2015.defensoriaformosa.gob.ar\/?p=4588"},"modified":"2017-01-23T21:47:30","modified_gmt":"2017-01-24T00:47:30","slug":"proyectos-dioxitek-y-carem","status":"publish","type":"post","link":"https:\/\/defensoriaformosa.gob.ar\/?p=4588","title":{"rendered":"PROYECTOS DIOXITEK Y CAREM"},"content":{"rendered":"<p><strong>Desde la Defensor\u00eda fustigaron postura de quienes sin conocer se oponen porque s\u00ed procurando meterle miedo a la gente.<\/strong><\/p>\n<p><!--more--><\/p>\n<p>El Defensor del Pueblo, Jos\u00e9 Leonardo Gialluca, critic\u00f3 duramente a quienes, afirma, sin conocer el Proyecto DIOXITEK, aparecen ahora, sin respaldo t\u00e9cnico, jur\u00eddico o legal alguno, como opin\u00f3lgos expertos t\u00e9cnicos u opositores ac\u00e9rrimos a la obra. El Ombudsman Provincial, en evidente alusi\u00f3n a las opiniones en contra de la instalaci\u00f3n de la Planta Industrial de Enriquecimiento de Uranio en la Provincia, la cual se encuentra en una segunda etapa de ejecuci\u00f3n, afirm\u00f3 que: \u201cQuienes venimos siguiendo el proyecto desde sus inicios, habiendo estudiado concienzudamente cada uno de los tomos que integran el expediente conformado, previo a la Audiencia P\u00fablica llevada adelante en el a\u00f1o 2014 en nuestra ciudad capital, vemos con asombro como un legislador que ni siquiera particip\u00f3 del acto de referencia o quienes, como de costumbre no siendo representantes de toda una comunidad, me refiero a Nanqom, se presentan como tales a opinar, como verdaderos expertos y conocedores en materia nuclear. Digo que \u00e9sta actitud asombra, remarc\u00f3 el funcionario, porque lo relacionado con dicha tem\u00e1tica, es una cuesti\u00f3n de conocimiento sumamente compleja, que a los expertos les lleva d\u00e9cadas aprender.<\/p>\n<p>En lo que respecta a la Defensor\u00eda del Pueblo, previo a la realizaci\u00f3n de la Audiencia P\u00fablica, la Direcci\u00f3n de Ambiente y Desarrollo Sustentable, afect\u00f3 por tres meses a cuatro profesionales del derecho y formul\u00f3 numeros\u00edsimas consultas t\u00e9cnicas que fueron evacuadas tanto por la Subsecretar\u00eda de Recursos Naturales, Ordenamiento y Calidad Ambiental de la Provincia, como por Miembros de la Comisi\u00f3n Nacional de Energ\u00eda At\u00f3mica (CNEA) y por profesionales independientes que accedieron a compartir sus conocimientos y explicarnos, de la manera m\u00e1s simple los extremos y alcances de Dioxitek y el Reactor Carem, para Formosa\u201d. A su turno, el Secretario Letrado de la Defensor\u00eda del Pueblo, Jos\u00e9 Porfirio Garc\u00eda, expres\u00f3 que con tales antecedentes, contamos con los fundamentos l\u00f3gicos, jur\u00eddicos y t\u00e9cnicos necesarios para fijar una postura sobre ambos proyectos. Tales extremos fueron expuestos en la Audiencia P\u00fablica, respecto de la cual un referente de Nanqom, evidentemente sin conocer la sustancia del denominado Derecho a Consulta Previa a las Comunidades Orginarias, del que versa el Convenio 169 de la Organizaci\u00f3n Internacional del Trabajo (OIT), expres\u00f3 que tal acto no puede ser tomado como consulta previa. Sobre esto comete dos errores, la Audiencia P\u00fablica, subray\u00f3 el letrado, cumple cabalmente lo que debe considerarse Consulta Previa, a la luz de la norma internacional, la cual, incluso, no era necesaria en el caso de Dioxitek, pues no existe afectaci\u00f3n directa ni al subsuelo ni a los recursos naturales de sus territorios ancestrales y menos a\u00fan la actividad de la f\u00e1brica, como se demostr\u00f3 en la Audiencia, producir\u00e1 efecto alguno en nuestra comunidad, los cordobeses de la Ciudad de R\u00edo Cuarto, cuentan con una mucho mayor y de tecnolog\u00eda mucho menos ambientalmente amigable desde hace m\u00e1s de treinta a\u00f1os y hasta ahora no existen denuncias de da\u00f1os al entorno natural ni mucho menos, pese a que el establecimiento est\u00e1 emplazado incluso en la zona urbana. Dioxitek y el Carem representan energ\u00eda y trabajo para Formosa, as\u00ed lo han comprendido los gobiernos Provincial y Nacional que est\u00e1n en sinton\u00eda y avanzan con la obra.<\/p>\n<p>Como venimos sosteniendo, finaliz\u00f3 diciendo el funcionario, en esta cuesti\u00f3n las cosas deben tomarse de quien vienen, lo que no se puede hacer es mentir a la gente y peor a\u00fan intencionadamente y sin ning\u00fan tipo de fundamentos, tratar de meter miedo que es la postura que, evidentemente, han tomado algunos y respecto de la cual, a su debido tiempo, deber\u00e1n rendir cuentas a nuestra comunidad.- \u201d<\/p>\n","protected":false},"excerpt":{"rendered":"<p>Desde la Defensor\u00eda fustigaron postura de quienes sin conocer se oponen porque s\u00ed procurando meterle miedo a la gente.<\/p>\n","protected":false},"author":1,"featured_media":4589,"comment_status":"closed","ping_status":"closed","sticky":false,"template":"","format":"standard","meta":{"footnotes":""},"categories":[1],"tags":[],"class_list":["post-4588","post","type-post","status-publish","format-standard","has-post-thumbnail","hentry","category-noticias"],"_links":{"self":[{"href":"https:\/\/defensoriaformosa.gob.ar\/index.php?rest_route=\/wp\/v2\/posts\/4588","targetHints":{"allow":["GET"]}}],"collection":[{"href":"https:\/\/defensoriaformosa.gob.ar\/index.php?rest_route=\/wp\/v2\/posts"}],"about":[{"href":"https:\/\/defensoriaformosa.gob.ar\/index.php?rest_route=\/wp\/v2\/types\/post"}],"author":[{"embeddable":true,"href":"https:\/\/defensoriaformosa.gob.ar\/index.php?rest_route=\/wp\/v2\/users\/1"}],"replies":[{"embeddable":true,"href":"https:\/\/defensoriaformosa.gob.ar\/index.php?rest_route=%2Fwp%2Fv2%2Fcomments&post=4588"}],"version-history":[{"count":1,"href":"https:\/\/defensoriaformosa.gob.ar\/index.php?rest_route=\/wp\/v2\/posts\/4588\/revisions"}],"predecessor-version":[{"id":4590,"href":"https:\/\/defensoriaformosa.gob.ar\/index.php?rest_route=\/wp\/v2\/posts\/4588\/revisions\/4590"}],"wp:featuredmedia":[{"embeddable":true,"href":"https:\/\/defensoriaformosa.gob.ar\/index.php?rest_route=\/wp\/v2\/media\/4589"}],"wp:attachment":[{"href":"https:\/\/defensoriaformosa.gob.ar\/index.php?rest_route=%2Fwp%2Fv2%2Fmedia&parent=4588"}],"wp:term":[{"taxonomy":"category","embeddable":true,"href":"https:\/\/defensoriaformosa.gob.ar\/index.php?rest_route=%2Fwp%2Fv2%2Fcategories&post=4588"},{"taxonomy":"post_tag","embeddable":true,"href":"https:\/\/defensoriaformosa.gob.ar\/index.php?rest_route=%2Fwp%2Fv2%2Ftags&post=4588"}],"curies":[{"name":"wp","href":"https:\/\/api.w.org\/{rel}","templated":true}]}}