{"id":4585,"date":"2017-01-23T21:45:24","date_gmt":"2017-01-24T00:45:24","guid":{"rendered":"http:\/\/2015.defensoriaformosa.gob.ar\/?p=4585"},"modified":"2017-01-23T21:45:24","modified_gmt":"2017-01-24T00:45:24","slug":"tras-reunion-con-el-jefe-de-la-policia-provincial-el-defensor-del-pueblo-senalo-que-es-muy-fuerte-la-impotencia-cuando-sabemos-que-hay-delincuentes-que-estan-sueltos-y-que-deberian-estar-en-las-carce","status":"publish","type":"post","link":"https:\/\/defensoriaformosa.gob.ar\/?p=4585","title":{"rendered":"TRAS REUNION CON EL JEFE DE LA POLICIA PROVINCIAL, EL DEFENSOR DEL PUEBLO SE\u00d1ALO QUE ES MUY FUERTE LA IMPOTENCIA CUANDO SABEMOS QUE HAY DELINCUENTES QUE ESTAN SUELTOS Y QUE DEBERIAN ESTAR EN LAS CARCELES"},"content":{"rendered":"<p><strong>Ante la reacci\u00f3n de los ciudadanos, por hechos de asaltos o entraderas violentas que se vienen sucediendo aisladamente y llamativamente en Formosa , el Defensor del Pueblo expreso que si bien estas no son situaciones de normalidad, tampoco debemos dejarnos llevar por quienes quieren instalar en nuestra Comunidad una visi\u00f3n de total inseguridad que no nos permite o permitir\u00e1 , aunar esfuerzos entre la sociedad civil, las fuerzas de seguridad , la justicia y el Estado, para erradicar todo esta clase de acontecimientos. Si no reconocemos las diferentes situaciones en cuanto a seguridad ciudadana que se viven actualmente en nuestra provincia a diferencia de otros centros urbanos, no estamos encarando las cosas como corresponden.<\/strong><\/p>\n<p><!--more--><\/p>\n<p>Es por ello que en el d\u00eda de ayer el Ombudsman Provincial, conjuntamente con el Representante de la Defensor\u00eda del Pueblo de Naci\u00f3n, Dr. Julio N\u00e9stor Santander, llevaron la molestia y demanda de los vecinos, al actual Jefe de la Polic\u00eda de la Provincia, Crio. \u00c1ngel Insfran. En dicha ocasi\u00f3n se pudo conocer que todas las mujeres y hombres de la seguridad provincial, se encuentran abocados a estos hechos delictivos que repercuten negativamente por el \u201cmodus operandi\u201d en toda nuestra sociedad y que junto con la tecnolog\u00eda actual con la que se cuenta, \u00a0indudablemente tendremos algunas novedades sobre el particular.<\/p>\n<p>Institucionalmente desde el Organismo de la Constituci\u00f3n se se\u00f1al\u00f3 que la convivencia y la seguridad, es la condici\u00f3n de libertad en la cual los ciudadanos podemos ejercer nuestros derechos, libertades y deberes sin sentirnos victimas de amenazas y as\u00ed poder gozar de adecuadas condiciones de bienestar y tranquilidad. Por ello para enfrentar estos hechos se debe tener una visi\u00f3n de conjunto, donde las causas son un factor que se tienen que trabajar en forma paralela a sus efectos. Entendemos a las familias que han sido vulneradas en sus derechos m\u00e1s \u00edntimos y para evitar que esto se repita, lo menos que se puede realizar es continuar trabajando, priorizando principalmente la prevenci\u00f3n, con un accionar en donde todos podamos convivir pac\u00edficamente, recuperar confianza en las Instituciones y estar atentos a los tiempos que vivimos, donde la exclusi\u00f3n social, la desigualdad y la falta de oportunidades, junto al consumo de alcohol y de sustancias peligrosas, alimentan el espiral delictivo y nadie quiere para Formosa, hechos o lugares donde la inseguridad se fortalezca.<\/p>\n<p>&nbsp;<\/p>\n","protected":false},"excerpt":{"rendered":"<p>Ante la reacci\u00f3n de los ciudadanos, por hechos de asaltos o entraderas violentas que se vienen sucediendo aisladamente y llamativamente en Formosa , el Defensor del Pueblo expreso que si bien estas no son situaciones de normalidad, tampoco debemos dejarnos llevar por quienes quieren instalar en nuestra Comunidad una visi\u00f3n de total inseguridad que no [&hellip;]<\/p>\n","protected":false},"author":1,"featured_media":4586,"comment_status":"closed","ping_status":"closed","sticky":false,"template":"","format":"standard","meta":{"footnotes":""},"categories":[1],"tags":[],"class_list":["post-4585","post","type-post","status-publish","format-standard","has-post-thumbnail","hentry","category-noticias"],"_links":{"self":[{"href":"https:\/\/defensoriaformosa.gob.ar\/index.php?rest_route=\/wp\/v2\/posts\/4585","targetHints":{"allow":["GET"]}}],"collection":[{"href":"https:\/\/defensoriaformosa.gob.ar\/index.php?rest_route=\/wp\/v2\/posts"}],"about":[{"href":"https:\/\/defensoriaformosa.gob.ar\/index.php?rest_route=\/wp\/v2\/types\/post"}],"author":[{"embeddable":true,"href":"https:\/\/defensoriaformosa.gob.ar\/index.php?rest_route=\/wp\/v2\/users\/1"}],"replies":[{"embeddable":true,"href":"https:\/\/defensoriaformosa.gob.ar\/index.php?rest_route=%2Fwp%2Fv2%2Fcomments&post=4585"}],"version-history":[{"count":1,"href":"https:\/\/defensoriaformosa.gob.ar\/index.php?rest_route=\/wp\/v2\/posts\/4585\/revisions"}],"predecessor-version":[{"id":4587,"href":"https:\/\/defensoriaformosa.gob.ar\/index.php?rest_route=\/wp\/v2\/posts\/4585\/revisions\/4587"}],"wp:featuredmedia":[{"embeddable":true,"href":"https:\/\/defensoriaformosa.gob.ar\/index.php?rest_route=\/wp\/v2\/media\/4586"}],"wp:attachment":[{"href":"https:\/\/defensoriaformosa.gob.ar\/index.php?rest_route=%2Fwp%2Fv2%2Fmedia&parent=4585"}],"wp:term":[{"taxonomy":"category","embeddable":true,"href":"https:\/\/defensoriaformosa.gob.ar\/index.php?rest_route=%2Fwp%2Fv2%2Fcategories&post=4585"},{"taxonomy":"post_tag","embeddable":true,"href":"https:\/\/defensoriaformosa.gob.ar\/index.php?rest_route=%2Fwp%2Fv2%2Ftags&post=4585"}],"curies":[{"name":"wp","href":"https:\/\/api.w.org\/{rel}","templated":true}]}}