{"id":4577,"date":"2017-01-22T16:54:56","date_gmt":"2017-01-22T19:54:56","guid":{"rendered":"http:\/\/2015.defensoriaformosa.gob.ar\/?p=4577"},"modified":"2017-01-22T16:54:56","modified_gmt":"2017-01-22T19:54:56","slug":"se-denuncio-por-ante-gendarmeria-nacional-el-corte-total-de-la-ruta-nacional-no-81-y-se-ofrecio-a-los-manifestantes-canalizar-sus-reclamos-institucionalmente-2","status":"publish","type":"post","link":"https:\/\/defensoriaformosa.gob.ar\/?p=4577","title":{"rendered":"SE DENUNCIO POR ANTE GENDARMERIA NACIONAL EL CORTE TOTAL DE LA RUTA NACIONAL N\u00ba 81 Y SE OFRECIO  A LOS MANIFESTANTES CANALIZAR SUS RECLAMOS INSTITUCIONALMENTE"},"content":{"rendered":"<p><strong>Frente al corte de la Ruta Nacional N\u00ba 81 a la altura de la Colonia Juan Bautista Alberdi jurisdicci\u00f3n de la localidad de Estanislao del Campo y que se lleva a cabo por un grupo de personas desde el jueves\u00a0 19 de enero, reclamando viviendas, alumbrado p\u00fablico y pensiones sociales , lo que impide el normal desplazamiento de veh\u00edculos de toda \u00edndole, \u00a0y ha pedido expreso de ciudadanos de nuestro oeste provincial que ven vulnerados abusivamente sus derechos constitucionales, desde la Defensor\u00eda del Pueblo de la Provincia, se solicit\u00f3 formalmente al Jefe de la Agrupaci\u00f3n VI de Gendarmer\u00eda Nacional, Cte. Ricardo Heredia a trav\u00e9s de la Actuaci\u00f3n N\u00ba 171 \/17 que con car\u00e1cter de urgente ordene arbitrar todas las medidas y acciones necesarias dentro de la competencia de la fuerza a su cargo para liberar la traza de la Ruta Nacional N\u00ba 81.<\/strong><\/p>\n<p><!--more--><\/p>\n<p>El Ombudsman Provincial, Dr. Jos\u00e9 Leonardo Gialluca invoco la violaci\u00f3n del Art 14 de nuestra Constituci\u00f3n Nacional y adem\u00e1s ofreci\u00f3 como espacio de dialogo y de resoluci\u00f3n de conflictos a los que se encuentran encabezando el corte, se\u00f1ores Felipe Quiroga y Juan Litigio, a utilizar el Organismo de la Constituci\u00f3n, para realizar cuanta denuncia sea necesaria por los reclamos que los han llevado a tomar esta medida de hecho, que no resuelve nada y que lo produce es la alteraci\u00f3n de derechos de terceras personas; todo ello siempre y cuando las peticiones se funden en derecho y sean procedentes .<\/p>\n<p>Por \u00faltimo se pidi\u00f3 a Gendarmer\u00eda Nacional, informe a la Defensor\u00eda del Pueblo si ya ha sido este hecho delictivo denunciado por ante la Justicia Federal en orden al delito previsto en el art\u00edculo 194 de nuestro C\u00f3digo Penal Argentino y si se han individualizado a los part\u00edcipes materiales e intelectuales, para citarlos a prestar declaraci\u00f3n ante los estrados judiciales e investigar la responsabilidad penal y civil que les cabe por la conducta antijur\u00eddica desplegada.<\/p>\n","protected":false},"excerpt":{"rendered":"<p>Frente al corte de la Ruta Nacional N\u00ba 81 a la altura de la Colonia Juan Bautista Alberdi jurisdicci\u00f3n de la localidad de Estanislao del Campo y que se lleva a cabo por un grupo de personas desde el jueves\u00a0 19 de enero, reclamando viviendas, alumbrado p\u00fablico y pensiones sociales , lo que impide el [&hellip;]<\/p>\n","protected":false},"author":1,"featured_media":4575,"comment_status":"closed","ping_status":"closed","sticky":false,"template":"","format":"standard","meta":{"footnotes":""},"categories":[1,7],"tags":[],"class_list":["post-4577","post","type-post","status-publish","format-standard","has-post-thumbnail","hentry","category-noticias","category-seguridad-vial"],"_links":{"self":[{"href":"https:\/\/defensoriaformosa.gob.ar\/index.php?rest_route=\/wp\/v2\/posts\/4577","targetHints":{"allow":["GET"]}}],"collection":[{"href":"https:\/\/defensoriaformosa.gob.ar\/index.php?rest_route=\/wp\/v2\/posts"}],"about":[{"href":"https:\/\/defensoriaformosa.gob.ar\/index.php?rest_route=\/wp\/v2\/types\/post"}],"author":[{"embeddable":true,"href":"https:\/\/defensoriaformosa.gob.ar\/index.php?rest_route=\/wp\/v2\/users\/1"}],"replies":[{"embeddable":true,"href":"https:\/\/defensoriaformosa.gob.ar\/index.php?rest_route=%2Fwp%2Fv2%2Fcomments&post=4577"}],"version-history":[{"count":1,"href":"https:\/\/defensoriaformosa.gob.ar\/index.php?rest_route=\/wp\/v2\/posts\/4577\/revisions"}],"predecessor-version":[{"id":4578,"href":"https:\/\/defensoriaformosa.gob.ar\/index.php?rest_route=\/wp\/v2\/posts\/4577\/revisions\/4578"}],"wp:featuredmedia":[{"embeddable":true,"href":"https:\/\/defensoriaformosa.gob.ar\/index.php?rest_route=\/wp\/v2\/media\/4575"}],"wp:attachment":[{"href":"https:\/\/defensoriaformosa.gob.ar\/index.php?rest_route=%2Fwp%2Fv2%2Fmedia&parent=4577"}],"wp:term":[{"taxonomy":"category","embeddable":true,"href":"https:\/\/defensoriaformosa.gob.ar\/index.php?rest_route=%2Fwp%2Fv2%2Fcategories&post=4577"},{"taxonomy":"post_tag","embeddable":true,"href":"https:\/\/defensoriaformosa.gob.ar\/index.php?rest_route=%2Fwp%2Fv2%2Ftags&post=4577"}],"curies":[{"name":"wp","href":"https:\/\/api.w.org\/{rel}","templated":true}]}}