{"id":4571,"date":"2017-01-20T20:31:04","date_gmt":"2017-01-20T23:31:04","guid":{"rendered":"http:\/\/2015.defensoriaformosa.gob.ar\/?p=4571"},"modified":"2017-01-20T20:31:04","modified_gmt":"2017-01-20T23:31:04","slug":"la-defensoria-exhorto-al-inai-a-que-se-avoque-a-dar-solucion-a-la-necesidad-de-vivienda-de-la-comunidad-del-lote-rural-67","status":"publish","type":"post","link":"https:\/\/defensoriaformosa.gob.ar\/?p=4571","title":{"rendered":"LA DEFENSOR\u00cdA EXHORT\u00d3 AL INAI A QUE SE AVOQUE A DAR SOLUCI\u00d3N A LA NECESIDAD DE VIVIENDA DE LA COMUNIDAD DEL LOTE RURAL 67"},"content":{"rendered":"<p><strong>La Defensor\u00eda exhort\u00f3 formalmente al Instituto Nacional de Asuntos Ind\u00edgenas (INAI) a que tome intervenci\u00f3n respecto de la problem\u00e1tica por la que atraviesan actualmente decenas de familias Tobas que ocupan el Lote Rural 67, propiedad de una familia de apellido Garavaglia. En este mismo orden de ideas, se solicit\u00f3, igualmente, al Instituto de Comunidades Abor\u00edgenes de Formosa (ICA) a que, oportunamente y cuando las autoridades nacionales cumplan con la obligaci\u00f3n que les cabe con los originarios, coopere con el INAI brindando un adecuado asesoramiento a los mismos y determinando un espacio f\u00edsico para el asiento de sus viviendas. Conforme a las pruebas recogidas en testimonios y audiencias por la Defensor\u00eda del Pueblo, all\u00e1 por el a\u00f1o 2009, un grupo de abor\u00edgenes comenzaron a ocupar terrenos en el Lote Rural 67, contiguos al B\u00ba Nanqom (Lote 68).<\/strong><\/p>\n<p><!--more--><\/p>\n<p>Desde ese momento, los propietarios han formulado una serie de acciones judiciales en sede penal y administrativa, solicitando la devoluci\u00f3n de sus tierras. Lleg\u00e1ndose a momentos de extrema tensi\u00f3n entre las partes por el derecho a la ocupaci\u00f3n. Evidentemente que, por un mal asesoramiento, subray\u00f3 el Secretario Letrado de la Defensor\u00eda del Pueblo, Dr. Jos\u00e9 Porfirio Garc\u00eda, los miembros de la Comunidad del Lote Rural 67 creen que tienen derecho a la propiedad de los terrenos, cuando no se trata de ocupaci\u00f3n tradicional de los mismos, porque ha transcurrido poco tiempo de su arribo, preexist\u00eda un derecho particular anterior, lo que determina que no medie \u00e9se lazo con la tierra al que protege el derecho nacional e internacional. Lo cual impide tomemos el caso desde la perspectiva de atender a la necesidad de vivienda de un grupo de personas de nuestra comunidad formose\u00f1a. Decimos que el asesoramiento que les dan a los originarios es malo porque no les explican que se exponen a acciones judiciales por ocupar un inmueble ajeno. \u00a0Desde el Organismo de la Constituci\u00f3n, recordaron que la Ley Nacional N\u00ba 26.160 establece que el INAI es el organismo federal que relevar\u00e1 los territorios ocupados por los abor\u00edgenes de todo el pa\u00eds y estos inconvenientes surgen porque el Instituto no se avoca, con la urgencia que el caso amerita a intervenir exponiendo a los interesados sobre el sentido y alcance de sus derechos. Hay gente que tiene que entender que hace mal, al aconsejar a los abor\u00edgenes que ocupen el territorio que se les plazca o alientan tales hechos y su responsabilidad es doble, porque conocen perfectamente el derecho y a\u00fan as\u00ed asesoran mal. Si realmente se quieren sentir verdaderos defensores de los derechos ind\u00edgenas deben informarles adecuadamente respecto de las normas jur\u00eddicas vigentes y no con falsedades.<\/p>\n<p>El funcionario lament\u00f3 que adem\u00e1s \u00e9stos malos asesores se ocupen de juntar firmas en la Comunidad de Lote Rural 67 para atacar la instituci\u00f3n del Defensor del Pueblo, en vez de cumplir con \u00e9tica su deber. En los \u00faltimos d\u00edas del mes de Diciembre se emiti\u00f3 una Resoluci\u00f3n de la Defensor\u00eda en la cual se solicit\u00f3 la intervenci\u00f3n del INAI y el ICA, as\u00ed como se sugiri\u00f3 la reubicaci\u00f3n de los miembros de la Comunidad del Lote Rural 67, por estar ocupando terrenos privados y ser necesario que se les asegure un lugar perdurable para el futuro. Seguramente eso motivar\u00e1 el disgusto de los instigadores de la ocupaci\u00f3n irregular, quienes ven que se les cierra la brecha en su intenci\u00f3n de enfrentar a originarios con el Estado.-<\/p>\n<figure id=\"attachment_4572\" aria-describedby=\"caption-attachment-4572\" style=\"width: 400px\" class=\"wp-caption aligncenter\"><img loading=\"lazy\" decoding=\"async\" class=\"wp-image-4572 size-full\" src=\"https:\/\/2015.defensoriaformosa.gob.ar\/wp-content\/uploads\/2017\/01\/inai.jpg\" width=\"400\" height=\"225\" srcset=\"https:\/\/defensoriaformosa.gob.ar\/wp-content\/uploads\/2017\/01\/inai.jpg 400w, https:\/\/defensoriaformosa.gob.ar\/wp-content\/uploads\/2017\/01\/inai-300x169.jpg 300w\" sizes=\"auto, (max-width: 400px) 100vw, 400px\" \/><figcaption id=\"caption-attachment-4572\" class=\"wp-caption-text\">FUNCIONARIOS DE LA DEFENSOR\u00cdA EXPLICAN A LAS PARTES EL ALCANCE DE SUS DERECHOS<\/figcaption><\/figure>\n<p>&nbsp;<\/p>\n","protected":false},"excerpt":{"rendered":"<p>La Defensor\u00eda exhort\u00f3 formalmente al Instituto Nacional de Asuntos Ind\u00edgenas (INAI) a que tome intervenci\u00f3n respecto de la problem\u00e1tica por la que atraviesan actualmente decenas de familias Tobas que ocupan el Lote Rural 67, propiedad de una familia de apellido Garavaglia. En este mismo orden de ideas, se solicit\u00f3, igualmente, al Instituto de Comunidades Abor\u00edgenes [&hellip;]<\/p>\n","protected":false},"author":1,"featured_media":4572,"comment_status":"closed","ping_status":"closed","sticky":false,"template":"","format":"standard","meta":{"footnotes":""},"categories":[4,1],"tags":[],"class_list":["post-4571","post","type-post","status-publish","format-standard","has-post-thumbnail","hentry","category-ddhh","category-noticias"],"_links":{"self":[{"href":"https:\/\/defensoriaformosa.gob.ar\/index.php?rest_route=\/wp\/v2\/posts\/4571","targetHints":{"allow":["GET"]}}],"collection":[{"href":"https:\/\/defensoriaformosa.gob.ar\/index.php?rest_route=\/wp\/v2\/posts"}],"about":[{"href":"https:\/\/defensoriaformosa.gob.ar\/index.php?rest_route=\/wp\/v2\/types\/post"}],"author":[{"embeddable":true,"href":"https:\/\/defensoriaformosa.gob.ar\/index.php?rest_route=\/wp\/v2\/users\/1"}],"replies":[{"embeddable":true,"href":"https:\/\/defensoriaformosa.gob.ar\/index.php?rest_route=%2Fwp%2Fv2%2Fcomments&post=4571"}],"version-history":[{"count":1,"href":"https:\/\/defensoriaformosa.gob.ar\/index.php?rest_route=\/wp\/v2\/posts\/4571\/revisions"}],"predecessor-version":[{"id":4573,"href":"https:\/\/defensoriaformosa.gob.ar\/index.php?rest_route=\/wp\/v2\/posts\/4571\/revisions\/4573"}],"wp:featuredmedia":[{"embeddable":true,"href":"https:\/\/defensoriaformosa.gob.ar\/index.php?rest_route=\/wp\/v2\/media\/4572"}],"wp:attachment":[{"href":"https:\/\/defensoriaformosa.gob.ar\/index.php?rest_route=%2Fwp%2Fv2%2Fmedia&parent=4571"}],"wp:term":[{"taxonomy":"category","embeddable":true,"href":"https:\/\/defensoriaformosa.gob.ar\/index.php?rest_route=%2Fwp%2Fv2%2Fcategories&post=4571"},{"taxonomy":"post_tag","embeddable":true,"href":"https:\/\/defensoriaformosa.gob.ar\/index.php?rest_route=%2Fwp%2Fv2%2Ftags&post=4571"}],"curies":[{"name":"wp","href":"https:\/\/api.w.org\/{rel}","templated":true}]}}