{"id":4568,"date":"2017-01-20T20:27:07","date_gmt":"2017-01-20T23:27:07","guid":{"rendered":"http:\/\/2015.defensoriaformosa.gob.ar\/?p=4568"},"modified":"2017-01-20T20:27:07","modified_gmt":"2017-01-20T23:27:07","slug":"solicito-la-defensoria-del-pueblo-al-ministerio-y-a-la-superintendencia-de-salud-una-revision-del-pmo-y-de-los-deberes-de-las-obras-sociales-a-favor-de-sus-afiliados","status":"publish","type":"post","link":"https:\/\/defensoriaformosa.gob.ar\/?p=4568","title":{"rendered":"SOLICITO LA DEFENSORIA DEL PUEBLO AL MINISTERIO Y A LA SUPERINTENDENCIA DE SALUD,  UNA REVISION DEL -PMO- Y DE LOS DEBERES DE LAS OBRAS SOCIALES A FAVOR DE SUS AFILIADOS"},"content":{"rendered":"<p><strong>La \u2013 Direcci\u00f3n de Salud y Vivienda-, de la Defensor\u00eda del Pueblo peticiono al Ministro de Salud de Naci\u00f3n, Jorge Lemus y a Luis Scervino, Titular de la Superintendencia de Salud, a realizar una revisi\u00f3n profunda y amplia del Programa M\u00e9dico Obligatorio- PMO-, en favor de los ciudadanos. El\u00a0Programa M\u00e9dico Obligatorio (PMO)\u00a0es un conjunto de prestaciones b\u00e1sicas que todas las Obras Sociales y Prepagas deben cubrir, de manera obligatoria, sin importar cu\u00e1l sea el tipo de plan que posea el beneficiario.<\/strong><\/p>\n<p><!--more--><\/p>\n<p>El Ombudsman Provincial, Dr. Jos\u00e9 Leonardo Gialluca, afirmo que las Actuaciones dirigidas a estos funcionarios nacionales, las empezamos a trabajar con el caso del menor Johann S\u00e1nchez, el cual debi\u00f3 ser operado en el Hospital Militar de la Ciudad Aut\u00f3noma de Buenos Aires, tras una serie de acciones y gestiones interpuestas Institucionalmente a favor del citado.<\/p>\n<p>Desde el Organismo de la Constituci\u00f3n se denunci\u00f3, que las obras sociales siempre tienen la \u201cmala costumbre\u201d de aferrarse ilegalmente al PMO y los Organismos de Fiscalizaci\u00f3n de las mismas agravan esta situaci\u00f3n, contemplando pasivamente estas conductas injustas.<\/p>\n<p>Lo que no se dice es que el PMO deber\u00eda ir evolucionando con el transcurso del tiempo y ampliando sus prestaciones, mientras las reglamentaciones estatales van a la saga de los avances en medicina y de las nuevas necesidades de los afiliados. Por ello esa limitaci\u00f3n del \u2013PMO- en lo que hace a cobertura debe ser entendido, \u201ccomo un piso prestacional\u201d por lo que no se puede afectar el derecho a la vida y a la salud de las personas que tiene jerarqu\u00eda constitucional. \u201cEn este sentido el solo hecho de no encontrarse incluido un tratamiento dentro de lo que est\u00e1 obligado a cubrir la obra social, no obsta a que se ordene su cobertura en atenci\u00f3n a lo antes dicho\u201d.<\/p>\n<p>Lo mismo sucede con los Agentes Prestadores, puesto que las obras sociales no pueden tomar a estos como un \u201clistado excluyente\u201d sino que el mismo debe contemplar otras opciones excepcionales para poder resguardar el derecho a la salud\u00a0 y su rango constitucional sin necesidad de que el beneficiario tenga que acudir a alg\u00fan tipo de amparo judicial.<\/p>\n<p>Por ello, lo que peticionamos es que la Superintendencia de Seguros de Salud efectu\u00e9 en el menor tiempo material posible, una revisi\u00f3n integral no solamente del PMO, sino tambi\u00e9n de las obligaciones que deben tener las obras sociales, para con sus afiliados, fij\u00e1ndose criterios y par\u00e1metros que contemplen los avances tecnol\u00f3gicos en medicina, sino adem\u00e1s las diferentes demandas o necesidades de los ciudadanos, debiendo tener la posibilidad de acudir los mismos a otros prestadores, cumpli\u00e9ndose de esta manera adem\u00e1s con los Pactos Internacionales al que esta adherido nuestro pa\u00eds para garantizar la vida, salud, seguridad e integridad de las personas.<\/p>\n","protected":false},"excerpt":{"rendered":"<p>La \u2013 Direcci\u00f3n de Salud y Vivienda-, de la Defensor\u00eda del Pueblo peticiono al Ministro de Salud de Naci\u00f3n, Jorge Lemus y a Luis Scervino, Titular de la Superintendencia de Salud, a realizar una revisi\u00f3n profunda y amplia del Programa M\u00e9dico Obligatorio- PMO-, en favor de los ciudadanos. El\u00a0Programa M\u00e9dico Obligatorio (PMO)\u00a0es un conjunto de [&hellip;]<\/p>\n","protected":false},"author":1,"featured_media":4569,"comment_status":"closed","ping_status":"closed","sticky":false,"template":"","format":"standard","meta":{"footnotes":""},"categories":[1,6],"tags":[],"class_list":["post-4568","post","type-post","status-publish","format-standard","has-post-thumbnail","hentry","category-noticias","category-salud"],"_links":{"self":[{"href":"https:\/\/defensoriaformosa.gob.ar\/index.php?rest_route=\/wp\/v2\/posts\/4568","targetHints":{"allow":["GET"]}}],"collection":[{"href":"https:\/\/defensoriaformosa.gob.ar\/index.php?rest_route=\/wp\/v2\/posts"}],"about":[{"href":"https:\/\/defensoriaformosa.gob.ar\/index.php?rest_route=\/wp\/v2\/types\/post"}],"author":[{"embeddable":true,"href":"https:\/\/defensoriaformosa.gob.ar\/index.php?rest_route=\/wp\/v2\/users\/1"}],"replies":[{"embeddable":true,"href":"https:\/\/defensoriaformosa.gob.ar\/index.php?rest_route=%2Fwp%2Fv2%2Fcomments&post=4568"}],"version-history":[{"count":1,"href":"https:\/\/defensoriaformosa.gob.ar\/index.php?rest_route=\/wp\/v2\/posts\/4568\/revisions"}],"predecessor-version":[{"id":4570,"href":"https:\/\/defensoriaformosa.gob.ar\/index.php?rest_route=\/wp\/v2\/posts\/4568\/revisions\/4570"}],"wp:featuredmedia":[{"embeddable":true,"href":"https:\/\/defensoriaformosa.gob.ar\/index.php?rest_route=\/wp\/v2\/media\/4569"}],"wp:attachment":[{"href":"https:\/\/defensoriaformosa.gob.ar\/index.php?rest_route=%2Fwp%2Fv2%2Fmedia&parent=4568"}],"wp:term":[{"taxonomy":"category","embeddable":true,"href":"https:\/\/defensoriaformosa.gob.ar\/index.php?rest_route=%2Fwp%2Fv2%2Fcategories&post=4568"},{"taxonomy":"post_tag","embeddable":true,"href":"https:\/\/defensoriaformosa.gob.ar\/index.php?rest_route=%2Fwp%2Fv2%2Ftags&post=4568"}],"curies":[{"name":"wp","href":"https:\/\/api.w.org\/{rel}","templated":true}]}}