{"id":4566,"date":"2017-01-19T17:20:01","date_gmt":"2017-01-19T20:20:01","guid":{"rendered":"http:\/\/2015.defensoriaformosa.gob.ar\/?p=4566"},"modified":"2017-01-19T17:20:01","modified_gmt":"2017-01-19T20:20:01","slug":"relevamiento-sobre-precios-de-los-alimentos-arroja-que-los-consumidores-esperan-mayores-incrementos-para-el-2017","status":"publish","type":"post","link":"https:\/\/defensoriaformosa.gob.ar\/?p=4566","title":{"rendered":"RELEVAMIENTO SOBRE PRECIOS DE LOS ALIMENTOS ARROJA QUE LOS CONSUMIDORES ESPERAN MAYORES INCREMENTOS PARA EL 2017"},"content":{"rendered":"<p><strong>Se llev\u00f3 adelante desde la Defensor\u00eda del Pueblo durante la primer quincena de enero del presente a\u00f1o, un relevamiento sobre 300 familias de capital y 300 de diversos lugares de nuestro interior provincial, quienes consultadas sobre las posibilidades de compras de productos de consumo masivo, pago de servicios p\u00fablicos, adquisici\u00f3n de medicamentos y otros servicios, el 87% declaro ,\u201dque su poder adquisitivo ha descendido durante todo el a\u00f1o 2016 y en lo que va del presente a\u00f1o, indicando\u00a0 observar que la inflaci\u00f3n y remarcaciones de precios no se detiene, por lo cual existe una profunda preocupaci\u00f3n en lo que respecta al futuro de sus econom\u00edas familiares\u201d. Se aclara que en todos los casos se trataron de encuestados que poseen al menos un ingreso fijo ya sea p\u00fablico o privado.<\/strong><\/p>\n<p><!--more--><\/p>\n<p>Se encontr\u00f3 que la mayor parte de los hogares tuvieron que restringir en el \u00faltimo a\u00f1o su consumo habitual en alimentos de primera necesidad: un 87% de los entrevistados declara que en 2016 tuvo que reducir total o parcialmente su consumo de carne, un 72% dijo que tuvo que reducir total o parcialmente el consumo de l\u00e1cteos y un 70%, el consumo de frutas o verduras.<\/p>\n<p>En tanto en algunos sectores de menores ingresos, en el caso del pollo, se consume principalmente alita. En el caso de la carne bovina, hay cuatro productos que abarcan el 76% de los cortes de carne vacuna que m\u00e1s se consumen que son puchero, osobuco, espinazo y carne picada, mientras que otros cortes m\u00e1s nutritivos, como bola de lomo por ejemplo, tienen un consumo bajo.<\/p>\n<p>Es por ello que, la p\u00e9rdida del poder adquisitivo, repercute en la alimentaci\u00f3n de todos los d\u00edas y en la calidad, porque en medio de todo esto aparecen productos de muy malas propiedades. Por otro lado tambi\u00e9n se evalu\u00f3 que se prescinde de productos culturales, educativos, elementos que \u00a0hacen al esparcimiento, no estamos hablando solo de alimentos y bebidas, sino tambi\u00e9n de otro tipo de productos: de poder ir a un club con los hijos, de practicar un deporte, de poder comprar un libro, esas cosas se han visto hondamente restringidas.<\/p>\n<p>El Organismo de la Constituci\u00f3n, denuncio que si bien, desde el Gobierno Nacional estiman para este 2017 un incremento de los precios del 17%, sin embargo en los \u00faltimos d\u00edas diferentes evaluaciones hablan de una expectativa de inflaci\u00f3n para este a\u00f1o de entre 20 y 25%.<\/p>\n<p>Ello es as\u00ed, sin dudas frente a los aumentos en los combustibles, en el gas y en la energ\u00eda el\u00e9ctrica que modifican la estructura de costos y se trasladan indefectiblemente a los precios de los productos.<\/p>\n<p>Los consumidores consultados afirmaron que las expectativas no son buenas y pensaban que ante un a\u00f1o electoral podr\u00eda bajar la irracionalidad del ajuste, que se iban a ver algunas ventajas para los sectores asalariados y los m\u00e1s vulnerables; pero la realidad es que se prev\u00e9n aumentos de celulares, de luz,\u00a0 de gas, de naftas, por lo que este a\u00f1o va a ser mucho m\u00e1s duro que el 2016.<\/p>\n<p>En la misma l\u00ednea se expres\u00f3, desde el Organismo de la Constituci\u00f3n, que ya hemos presentado formales Actuaciones a las Autoridades Nacionales competentes ante los sobreprecios de los productos indispensables, \u00a0se hace necesario que el Gobierno Nacional intervenga fuertemente en el mercado, pues no puede dejar librado a la voluntad de los empresarios los valores de todos los productos que consumimos los argentinos y como muestra de ello tenemos que: las subas que impactar\u00e1n en la econom\u00eda familiar por ahora son:*Servicios p\u00fablicos: se esperan aumentos de entre el 22% y el 70% en la tarifa de luz, de hasta el 60% en la de gas *Medicina prepaga: el Ministerio de Salud autoriz\u00f3 un incremento de hasta el 6% *Monotributo: subi\u00f3 un 57% la cuota mensual* Compras con d\u00e9bito: se elimin\u00f3 la devoluci\u00f3n del 5% del IVA*Combustibles: aumentaron un 8% y se aguardan tres ajustes m\u00e1s en el a\u00f1o.<\/p>\n","protected":false},"excerpt":{"rendered":"<p>Se llev\u00f3 adelante desde la Defensor\u00eda del Pueblo durante la primer quincena de enero del presente a\u00f1o, un relevamiento sobre 300 familias de capital y 300 de diversos lugares de nuestro interior provincial, quienes consultadas sobre las posibilidades de compras de productos de consumo masivo, pago de servicios p\u00fablicos, adquisici\u00f3n de medicamentos y otros servicios, [&hellip;]<\/p>\n","protected":false},"author":1,"featured_media":2153,"comment_status":"closed","ping_status":"closed","sticky":false,"template":"","format":"standard","meta":{"footnotes":""},"categories":[1],"tags":[],"class_list":["post-4566","post","type-post","status-publish","format-standard","has-post-thumbnail","hentry","category-noticias"],"_links":{"self":[{"href":"https:\/\/defensoriaformosa.gob.ar\/index.php?rest_route=\/wp\/v2\/posts\/4566","targetHints":{"allow":["GET"]}}],"collection":[{"href":"https:\/\/defensoriaformosa.gob.ar\/index.php?rest_route=\/wp\/v2\/posts"}],"about":[{"href":"https:\/\/defensoriaformosa.gob.ar\/index.php?rest_route=\/wp\/v2\/types\/post"}],"author":[{"embeddable":true,"href":"https:\/\/defensoriaformosa.gob.ar\/index.php?rest_route=\/wp\/v2\/users\/1"}],"replies":[{"embeddable":true,"href":"https:\/\/defensoriaformosa.gob.ar\/index.php?rest_route=%2Fwp%2Fv2%2Fcomments&post=4566"}],"version-history":[{"count":1,"href":"https:\/\/defensoriaformosa.gob.ar\/index.php?rest_route=\/wp\/v2\/posts\/4566\/revisions"}],"predecessor-version":[{"id":4567,"href":"https:\/\/defensoriaformosa.gob.ar\/index.php?rest_route=\/wp\/v2\/posts\/4566\/revisions\/4567"}],"wp:featuredmedia":[{"embeddable":true,"href":"https:\/\/defensoriaformosa.gob.ar\/index.php?rest_route=\/wp\/v2\/media\/2153"}],"wp:attachment":[{"href":"https:\/\/defensoriaformosa.gob.ar\/index.php?rest_route=%2Fwp%2Fv2%2Fmedia&parent=4566"}],"wp:term":[{"taxonomy":"category","embeddable":true,"href":"https:\/\/defensoriaformosa.gob.ar\/index.php?rest_route=%2Fwp%2Fv2%2Fcategories&post=4566"},{"taxonomy":"post_tag","embeddable":true,"href":"https:\/\/defensoriaformosa.gob.ar\/index.php?rest_route=%2Fwp%2Fv2%2Ftags&post=4566"}],"curies":[{"name":"wp","href":"https:\/\/api.w.org\/{rel}","templated":true}]}}