{"id":4559,"date":"2017-01-18T22:40:58","date_gmt":"2017-01-19T01:40:58","guid":{"rendered":"http:\/\/2015.defensoriaformosa.gob.ar\/?p=4559"},"modified":"2017-01-18T22:40:58","modified_gmt":"2017-01-19T01:40:58","slug":"la-defensoria-senalo-que-todo-el-nea-se-opondra-al-pretendido-aumento-de-energia-electrica-anunciado-por-el-gobierno-nacional-desde-el-mes-de-febrero","status":"publish","type":"post","link":"https:\/\/defensoriaformosa.gob.ar\/?p=4559","title":{"rendered":"LA DEFENSORIA SE\u00d1ALO QUE TODO EL NEA SE OPONDRA AL PRETENDIDO AUMENTO DE ENERGIA ELECTRICA ANUNCIADO POR EL GOBIERNO NACIONAL DESDE EL MES DE FEBRERO"},"content":{"rendered":"<p><strong>El Gobierno nacional\u00a0\u00a0 a trav\u00e9s de su Ministro de Energ\u00eda y Miner\u00eda confirm\u00f3 el d\u00eda de ayer que desde febrero regir\u00e1 una nuevo cuadro tarifario para el pa\u00eds. El Ombudsman Provincial, Dr. Jos\u00e9 Leonardo Gialluca, denuncio que la Provincia de Formosa y todo el\u00a0 NEA pidieron anular la Audiencia P\u00fablica\u00a0 en la que se trat\u00f3 de discutir el posible aumento que aplicar\u00eda Transnea\u00a0 y este punto debe ser resuelto en forma urgente por el Enre.<\/strong><\/p>\n<p><!--more--><\/p>\n<p>La empresa distribuidora Transnea pretende aumentar el costo de la energ\u00eda en el NEA a partir del mes de febrero; pero\u00a0 en diciembre\u00a0 la Defensor\u00eda del Pueblo,\u00a0 junto con todas las provincias de la regi\u00f3n pedimos la nulidad de la audiencia sobre el tema, ya que \u201cno hab\u00eda informaci\u00f3n\u201d acerca de las medidas que se quieren implementar; adem\u00e1s, todas las jurisdicciones castigaron a la empresa por el deplorable servicio que viene prestando desde hace a\u00f1os por lo cual , pretender renovarle el contrato a Transnea, es algo totalmente absurdo, desatinado y de una irresponsabilidad que seguramente de darse , terminara en los estrados judiciales federales haciendo responsables al Estado Nacional y al Enre por medidas irregulares, improcedentes \u00a0y arbitrarias .<\/p>\n<p>La audiencia p\u00fablica se realiz\u00f3 en diciembre, en la Ciudad de Formosa, para debatir la propuesta de aumento de la tarifa de transporte de energ\u00eda por parte de la empresa Transnea que abastece a Formosa, Corrientes, Chaco, y Entre R\u00edos. El Ente Nacional Regulador de la Electricidad (Enre) no ten\u00eda informaci\u00f3n, ni siquiera en su p\u00e1gina web. Estuvimos todos presentes a las 09 de la ma\u00f1ana y el acto de la Audiencia comenz\u00f3 a las 17 horas, habiendo sido v\u00edctimas de un trato indigno, adem\u00e1s de no poder ejercer ninguna defensa, puesto que nadie ten\u00eda informaci\u00f3n alguna y la presentaci\u00f3n de Transnea fue realmente de terror.<\/p>\n<p>Lo que queda ahora, es que el Enre determine mediante el Instrumento pertinente la nulidad de todo el proceso de lo que ellos llamaron \u201cAudiencia P\u00fablica\u201d y que nunca fue tal y que se tome una decisi\u00f3n de fondo que beneficie a todas las provincias del NEA, dej\u00e1ndose de lado a esta cuestionada e irresponsable distribuidora como lo es Transnea para pasar el servicio de transporte a las jurisdicciones provinciales y de este modo se ver\u00e1n beneficiadas no solamente las distribuidoras, sino tambi\u00e9n los usuarios residenciales, comerciales, PyMES y otros.<\/p>\n","protected":false},"excerpt":{"rendered":"<p>El Gobierno nacional\u00a0\u00a0 a trav\u00e9s de su Ministro de Energ\u00eda y Miner\u00eda confirm\u00f3 el d\u00eda de ayer que desde febrero regir\u00e1 una nuevo cuadro tarifario para el pa\u00eds. El Ombudsman Provincial, Dr. Jos\u00e9 Leonardo Gialluca, denuncio que la Provincia de Formosa y todo el\u00a0 NEA pidieron anular la Audiencia P\u00fablica\u00a0 en la que se trat\u00f3 [&hellip;]<\/p>\n","protected":false},"author":1,"featured_media":4560,"comment_status":"closed","ping_status":"closed","sticky":false,"template":"","format":"standard","meta":{"footnotes":""},"categories":[1],"tags":[],"class_list":["post-4559","post","type-post","status-publish","format-standard","has-post-thumbnail","hentry","category-noticias"],"_links":{"self":[{"href":"https:\/\/defensoriaformosa.gob.ar\/index.php?rest_route=\/wp\/v2\/posts\/4559","targetHints":{"allow":["GET"]}}],"collection":[{"href":"https:\/\/defensoriaformosa.gob.ar\/index.php?rest_route=\/wp\/v2\/posts"}],"about":[{"href":"https:\/\/defensoriaformosa.gob.ar\/index.php?rest_route=\/wp\/v2\/types\/post"}],"author":[{"embeddable":true,"href":"https:\/\/defensoriaformosa.gob.ar\/index.php?rest_route=\/wp\/v2\/users\/1"}],"replies":[{"embeddable":true,"href":"https:\/\/defensoriaformosa.gob.ar\/index.php?rest_route=%2Fwp%2Fv2%2Fcomments&post=4559"}],"version-history":[{"count":1,"href":"https:\/\/defensoriaformosa.gob.ar\/index.php?rest_route=\/wp\/v2\/posts\/4559\/revisions"}],"predecessor-version":[{"id":4561,"href":"https:\/\/defensoriaformosa.gob.ar\/index.php?rest_route=\/wp\/v2\/posts\/4559\/revisions\/4561"}],"wp:featuredmedia":[{"embeddable":true,"href":"https:\/\/defensoriaformosa.gob.ar\/index.php?rest_route=\/wp\/v2\/media\/4560"}],"wp:attachment":[{"href":"https:\/\/defensoriaformosa.gob.ar\/index.php?rest_route=%2Fwp%2Fv2%2Fmedia&parent=4559"}],"wp:term":[{"taxonomy":"category","embeddable":true,"href":"https:\/\/defensoriaformosa.gob.ar\/index.php?rest_route=%2Fwp%2Fv2%2Fcategories&post=4559"},{"taxonomy":"post_tag","embeddable":true,"href":"https:\/\/defensoriaformosa.gob.ar\/index.php?rest_route=%2Fwp%2Fv2%2Ftags&post=4559"}],"curies":[{"name":"wp","href":"https:\/\/api.w.org\/{rel}","templated":true}]}}