{"id":4555,"date":"2017-01-18T22:36:35","date_gmt":"2017-01-19T01:36:35","guid":{"rendered":"http:\/\/2015.defensoriaformosa.gob.ar\/?p=4555"},"modified":"2017-01-18T22:36:35","modified_gmt":"2017-01-19T01:36:35","slug":"desde-la-defensoria-afirman-que-si-el-gobierno-nacional-no-frena-la-inflacion-el-salario-continuara-depreciandose-pese-a-las-paritarias","status":"publish","type":"post","link":"https:\/\/defensoriaformosa.gob.ar\/?p=4555","title":{"rendered":"DESDE LA DEFENSOR\u00cdA AFIRMAN QUE SI EL GOBIERNO NACIONAL NO FRENA LA INFLACI\u00d3N EL SALARIO CONTINUAR\u00c1 DEPRECI\u00c1NDOSE PESE A LAS PARITARIAS"},"content":{"rendered":"<p><strong>Conforme la modalidad establecida desde la gesti\u00f3n de la Presidenta Cristina Fern\u00e1ndez de Kirchner, febrero es el mes en el que trabajadores y empleadores, por intermedio de sus diferentes nucleamientos, negocian en paritarias los porcentajes de incrementos salariales, en virtud del retroceso de los ingresos de los trabajadores frente a la inflaci\u00f3n la cual, en 2016, rond\u00f3 el 40 %. Desde la Defensor\u00eda del Pueblo de la Provincia, como organismo de Defensa de los Derechos Colectivos de los Usuarios y Consumidores formose\u00f1os, sostienen que las alzas de salarios ser\u00e1 siempre insuficiente si el Gobierno Nacional, a cargo del Ing. Mauricio Macri, no despliega pol\u00edticas activas, tendientes a frenar la escalada de precios que parece no tener fin.<\/strong><\/p>\n<p><!--more--><\/p>\n<p>Para el pr\u00f3ximo mes se anunci\u00f3 oficialmente una suba en el costo de la energ\u00eda y en marzo los combustibles elevar\u00e1n sus valores, nuevamente, luego de que lo hicieran en el mes de enero. Combustibles, Energ\u00eda y Salarios, son tres componentes esenciales en la producci\u00f3n de bienes y servicios, por lo que la proyecci\u00f3n es que contin\u00fae la espiral inflacionaria, de no mediar una intervenci\u00f3n directa del Estado Nacional sobre determinados factores que la causan. En este sentido, el Defensor del Pueblo de la Provincia, Jos\u00e9 Leonardo Gialluca, expres\u00f3 que se espera que la designaci\u00f3n de las nuevas autoridades surgidas luego de la disoluci\u00f3n del Ministerio de Econom\u00eda el cual se desdobl\u00f3 en las carteras de Hacienda y Finanzas, a cargo de Nicolas Dojovne y Luis Caputo, implique un cambio de rumbo en el \u201cdejar hacer\u201d que se est\u00e1 permitiendo a los grandes grupos econ\u00f3micos que manejan el mercado nacional, pol\u00edtica que no est\u00e1 dando resultados positivos y que de ninguna manera puede hacerlo, pues los usuarios y consumidores muy poco podemos hacer frente a los oferentes de bienes y servicios que fijan los costos de los mismos a su antojo. En este sentido, el funcionario remarc\u00f3 que los argentinos ya vivimos pol\u00edticas de estado que han permitido la liberaci\u00f3n de los mercados y nos han llevado a la m\u00e1s cruda emergencia pol\u00edtica, social y econ\u00f3mica que padeci\u00f3 el pa\u00eds. Es por ello que desde la Defensor\u00eda se continuar\u00e1 insistiendo en que el Estado Nacional marque presencia en la defensa del salario, contra la especulaci\u00f3n, mediante la aplicaci\u00f3n de medidas que tutelen los intereses patrimoniales de los formose\u00f1os, por ser ello una obligaci\u00f3n que le cabe, conforme el Art. 42 de nuestra Constituci\u00f3n Nacional.-<\/p>\n<p>&nbsp;<\/p>\n","protected":false},"excerpt":{"rendered":"<p>Conforme la modalidad establecida desde la gesti\u00f3n de la Presidenta Cristina Fern\u00e1ndez de Kirchner, febrero es el mes en el que trabajadores y empleadores, por intermedio de sus diferentes nucleamientos, negocian en paritarias los porcentajes de incrementos salariales, en virtud del retroceso de los ingresos de los trabajadores frente a la inflaci\u00f3n la cual, en [&hellip;]<\/p>\n","protected":false},"author":1,"featured_media":4245,"comment_status":"closed","ping_status":"closed","sticky":false,"template":"","format":"standard","meta":{"footnotes":""},"categories":[1,3],"tags":[],"class_list":["post-4555","post","type-post","status-publish","format-standard","has-post-thumbnail","hentry","category-noticias","category-defensa-de-los-derechos-del-usuario-consumidor-contribuyentes"],"_links":{"self":[{"href":"https:\/\/defensoriaformosa.gob.ar\/index.php?rest_route=\/wp\/v2\/posts\/4555","targetHints":{"allow":["GET"]}}],"collection":[{"href":"https:\/\/defensoriaformosa.gob.ar\/index.php?rest_route=\/wp\/v2\/posts"}],"about":[{"href":"https:\/\/defensoriaformosa.gob.ar\/index.php?rest_route=\/wp\/v2\/types\/post"}],"author":[{"embeddable":true,"href":"https:\/\/defensoriaformosa.gob.ar\/index.php?rest_route=\/wp\/v2\/users\/1"}],"replies":[{"embeddable":true,"href":"https:\/\/defensoriaformosa.gob.ar\/index.php?rest_route=%2Fwp%2Fv2%2Fcomments&post=4555"}],"version-history":[{"count":1,"href":"https:\/\/defensoriaformosa.gob.ar\/index.php?rest_route=\/wp\/v2\/posts\/4555\/revisions"}],"predecessor-version":[{"id":4556,"href":"https:\/\/defensoriaformosa.gob.ar\/index.php?rest_route=\/wp\/v2\/posts\/4555\/revisions\/4556"}],"wp:featuredmedia":[{"embeddable":true,"href":"https:\/\/defensoriaformosa.gob.ar\/index.php?rest_route=\/wp\/v2\/media\/4245"}],"wp:attachment":[{"href":"https:\/\/defensoriaformosa.gob.ar\/index.php?rest_route=%2Fwp%2Fv2%2Fmedia&parent=4555"}],"wp:term":[{"taxonomy":"category","embeddable":true,"href":"https:\/\/defensoriaformosa.gob.ar\/index.php?rest_route=%2Fwp%2Fv2%2Fcategories&post=4555"},{"taxonomy":"post_tag","embeddable":true,"href":"https:\/\/defensoriaformosa.gob.ar\/index.php?rest_route=%2Fwp%2Fv2%2Ftags&post=4555"}],"curies":[{"name":"wp","href":"https:\/\/api.w.org\/{rel}","templated":true}]}}