{"id":4552,"date":"2017-01-17T17:08:17","date_gmt":"2017-01-17T20:08:17","guid":{"rendered":"http:\/\/2015.defensoriaformosa.gob.ar\/?p=4552"},"modified":"2017-01-17T17:08:17","modified_gmt":"2017-01-17T20:08:17","slug":"preven-mas-aumentos-en-la-energia-y-los-combustibles","status":"publish","type":"post","link":"https:\/\/defensoriaformosa.gob.ar\/?p=4552","title":{"rendered":"PREVEN M\u00c1S AUMENTOS EN LA ENERG\u00cdA Y LOS COMBUSTIBLES"},"content":{"rendered":"<p><strong>Tras anuncios oficiales la Defensor\u00eda remiti\u00f3 una actuaci\u00f3n a la Secretar\u00eda de Comercio de la Naci\u00f3n para que proteja a los sectores m\u00e1s vulnerables.<\/strong><\/p>\n<p><!--more--><\/p>\n<p>La Direcci\u00f3n de Defensa de los Usuarios y Consumidores de la Defensor\u00eda del Pueblo de la Provincia, remiti\u00f3 una actuaci\u00f3n a la Secretar\u00eda de Comercio de la Naci\u00f3n, a cargo del economista Miguel Braun, luego del anuncio efectuado, el d\u00eda de ayer, por el Ministro de Energ\u00eda y Miner\u00eda de la Naci\u00f3n, Ing. Juan Jos\u00e9 Aranguren, quien afirm\u00f3 que: \u201cEn diez d\u00edas se conocer\u00e1 con precisi\u00f3n de cu\u00e1nto ser\u00e1n los incrementos en energ\u00eda y combustibles, previstos para Febrero y Marzo de \u00e9ste a\u00f1o, respectivamente. En \u00e9ste sentido el Ombudsman Provincial, Jos\u00e9 Leonardo Gialluca record\u00f3 que: \u201c La labor de Braun, conforme lo determinan las normas legales vigentes, debe centrarse en la defensa de los derechos de los usuarios y consumidores, promoviendo pol\u00edticas favorables a los mismos, con el objetivo de optimizar la calidad de vida de la poblaci\u00f3n. Aludiendo a tales deberes, remarc\u00f3 Gialluca, es que requerimos al funcionario nacional que active pol\u00edticas de protecci\u00f3n para los sectores econ\u00f3micamente m\u00e1s vulnerables. Los constantes incrementos en los bienes de consumo y los servicios p\u00fablicos, han limado el salario de los trabajadores que perciben ingresos menores y los de las personas beneficiarias de planes sociales, los cuales no aguantan m\u00e1s presi\u00f3n. Pero, precisamente sobre los mismos volver\u00e1n a caer las consecuencias de los nuevos tarifazos por venir, directa e indirectamente, pues la electricidad es un insumo b\u00e1sico para los hogares, tanto como lo es para la industria y el comercio los que, por efecto cascada, trasladan las alzas a los valores de los productos que ofrecen, gener\u00e1ndose una cadena de subas que termina siempre sobre las espaldas de los usuarios y consumidores. No se debe perder de vista tampoco, la viciosa conducta especulativa de algunos sectores econ\u00f3micos del pa\u00eds, los que \u201caumentan por si acaso\u201d.<\/p>\n<p>Es precisamente sobre la problem\u00e1tica descripta que debe actuar el Secretario de Comercio de la Naci\u00f3n y, pasado un a\u00f1o de la nueva Administraci\u00f3n Nacional, no vemos se\u00f1ales de ello, por el contrario el propio Ministro de Energ\u00eda de la Naci\u00f3n afirm\u00f3 que los combustibles subir\u00e1n en funci\u00f3n de lo que diga el mercado. Lo cual me parece aberrante, pues indica que los usuarios y consumidores seremos dejados a la buena de Dios, frente a los grandes grupos econ\u00f3micos, entre los que, precisamente se hallan las petroleras. Esperamos que la situaci\u00f3n actual se revierta en breve, caso contrario, espet\u00f3 el Defensor del Pueblo, no nos quedar\u00e1 otra alternativa que acudir, una vez m\u00e1s, a la Justicia en salvaguarda de los derechos colectivos de los formose\u00f1os.-\u201d<\/p>\n","protected":false},"excerpt":{"rendered":"<p>Tras anuncios oficiales la Defensor\u00eda remiti\u00f3 una actuaci\u00f3n a la Secretar\u00eda de Comercio de la Naci\u00f3n para que proteja a los sectores m\u00e1s vulnerables.<\/p>\n","protected":false},"author":1,"featured_media":4553,"comment_status":"closed","ping_status":"closed","sticky":false,"template":"","format":"standard","meta":{"footnotes":""},"categories":[1],"tags":[],"class_list":["post-4552","post","type-post","status-publish","format-standard","has-post-thumbnail","hentry","category-noticias"],"_links":{"self":[{"href":"https:\/\/defensoriaformosa.gob.ar\/index.php?rest_route=\/wp\/v2\/posts\/4552","targetHints":{"allow":["GET"]}}],"collection":[{"href":"https:\/\/defensoriaformosa.gob.ar\/index.php?rest_route=\/wp\/v2\/posts"}],"about":[{"href":"https:\/\/defensoriaformosa.gob.ar\/index.php?rest_route=\/wp\/v2\/types\/post"}],"author":[{"embeddable":true,"href":"https:\/\/defensoriaformosa.gob.ar\/index.php?rest_route=\/wp\/v2\/users\/1"}],"replies":[{"embeddable":true,"href":"https:\/\/defensoriaformosa.gob.ar\/index.php?rest_route=%2Fwp%2Fv2%2Fcomments&post=4552"}],"version-history":[{"count":1,"href":"https:\/\/defensoriaformosa.gob.ar\/index.php?rest_route=\/wp\/v2\/posts\/4552\/revisions"}],"predecessor-version":[{"id":4554,"href":"https:\/\/defensoriaformosa.gob.ar\/index.php?rest_route=\/wp\/v2\/posts\/4552\/revisions\/4554"}],"wp:featuredmedia":[{"embeddable":true,"href":"https:\/\/defensoriaformosa.gob.ar\/index.php?rest_route=\/wp\/v2\/media\/4553"}],"wp:attachment":[{"href":"https:\/\/defensoriaformosa.gob.ar\/index.php?rest_route=%2Fwp%2Fv2%2Fmedia&parent=4552"}],"wp:term":[{"taxonomy":"category","embeddable":true,"href":"https:\/\/defensoriaformosa.gob.ar\/index.php?rest_route=%2Fwp%2Fv2%2Fcategories&post=4552"},{"taxonomy":"post_tag","embeddable":true,"href":"https:\/\/defensoriaformosa.gob.ar\/index.php?rest_route=%2Fwp%2Fv2%2Ftags&post=4552"}],"curies":[{"name":"wp","href":"https:\/\/api.w.org\/{rel}","templated":true}]}}