{"id":4544,"date":"2017-01-16T20:05:03","date_gmt":"2017-01-16T23:05:03","guid":{"rendered":"http:\/\/2015.defensoriaformosa.gob.ar\/?p=4544"},"modified":"2017-01-16T20:05:03","modified_gmt":"2017-01-16T23:05:03","slug":"la-defensoria-solicito-informes-a-cancilleria-y-al-ministerio-de-seguridad-por-la-posibilidad-de-ingreso-de-fuerzas-civiles-y-militares-extranjeras-para-la-elaboracion-del-proyecto-de-la-hidrovia-para","status":"publish","type":"post","link":"https:\/\/defensoriaformosa.gob.ar\/?p=4544","title":{"rendered":"LA DEFENSORIA SOLICITO INFORMES A CANCILLERIA Y AL MINISTERIO DE SEGURIDAD POR LA POSIBILIDAD DE INGRESO DE FUERZAS CIVILES Y MILITARES EXTRANJERAS PARA LA ELABORACION DEL PROYECTO DE LA HIDROVIA PARAGUAY- PARANA"},"content":{"rendered":"<p><strong>Desde la Defensor\u00eda del Pueblo de la Provincia de Formosa se plantearon formales Actuaciones el d\u00eda de ayer dirigidas a la Ministra de Relaciones Exteriores y Culto, Susana Malcorra y a la Ministra de Seguridad, Patricia Bulrich, exponi\u00e9ndoles Institucionalmente en nombre y representaci\u00f3n de todos los ciudadanos formose\u00f1os, la profunda preocupaci\u00f3n por la falta de Informaci\u00f3n Adecuada acerca del \u201cMemor\u00e1ndum de Entendimiento Adicional al Convenio General de Asistencia Econ\u00f3mica y T\u00e9cnica entre el Gobierno de la Rep\u00fablica del Paraguay y el Gobierno de los Estados Unidos de Am\u00e9rica, del 26 de septiembre de 1961, para la elaboraci\u00f3n de un Proyecto de Desarrollo de la Hidrov\u00eda Paraguay- Paran\u00e1\u201d, suscripto en la Ciudad de Washington, Estados Unidos el 18 de junio de 2015; toda vez que al tener directa incidencia sobre territorio formose\u00f1o y tambi\u00e9n en lo que respecta al Rio Paraguay que se trata de un curso h\u00eddrico internacional, utilizado por nuestra provincia, no solamente para el aprovechamiento h\u00eddrico , sino tambi\u00e9n para el transporte fluvial, como as\u00ed tambi\u00e9n en beneficio de su flora y fauna , entre otras actividades.<\/strong><\/p>\n<p><!--more--><\/p>\n<p>El Ombudsman Provincial, Dr. Jos\u00e9 Leonardo Gialluca, se\u00f1alo que este Memor\u00e1ndum para la elaboraci\u00f3n de un proyecto de desarrollo de la Hidrov\u00eda Paraguay- Paran\u00e1, comprende el tramo nacional del Rio Paraguay, que se inicia en la confluencia del Rio Apa hasta el Rio Paran\u00e1. Toda la tarea de elaboraci\u00f3n del proyecto estar\u00e1 a cargo del Cuerpo de Ingenieros del Ej\u00e9rcito de Estados Unidos y el plazo para la presentaci\u00f3n final del mismo es de cuatro a\u00f1os. Surge asimismo del Art\u00edculo VII del Acuerdo, que para proveer de seguridad al personal y a los equipos, \u201cse podr\u00e1 disponer la utilizaci\u00f3n de unidades militares, instalaciones u otras \u00e1reas de trabajo espec\u00edficamente designadas para el efecto.<\/p>\n<p>Desde la Defensor\u00eda del Pueblo se\u00f1alaron que es llamativo que el Gobierno Paraguayo de Horacio Cartes insista en poner en vigencia un Acuerdo Bilateral con Washington que establece la presencia de ingenieros y militares norteamericanos en 390km de aguas compartidas sobre la Hidrov\u00eda de los R\u00edos Paran\u00e1 y Paraguay, sin haberse consultado en ning\u00fan momento a la Argentina y siendo\u00a0 que el Articulo 75 de la Constituci\u00f3n Nacional, establece claramente que para la entrada y salida de tropas extranjeras en nuestro pa\u00eds, se necesita de autorizaci\u00f3n legislativa.<\/p>\n<p>Adem\u00e1s de lo antes descripto se dej\u00f3 en claro, que este tema reviste una parte legal y de seguridad nacional que debe ser cubierta debidamente, de hecho nadie se opone a la concreci\u00f3n, canalizaci\u00f3n, dragado, balizamiento y mantenimiento de la Hidrov\u00eda Paraguay \u2013 Paran\u00e1.<\/p>\n","protected":false},"excerpt":{"rendered":"<p>Desde la Defensor\u00eda del Pueblo de la Provincia de Formosa se plantearon formales Actuaciones el d\u00eda de ayer dirigidas a la Ministra de Relaciones Exteriores y Culto, Susana Malcorra y a la Ministra de Seguridad, Patricia Bulrich, exponi\u00e9ndoles Institucionalmente en nombre y representaci\u00f3n de todos los ciudadanos formose\u00f1os, la profunda preocupaci\u00f3n por la falta de [&hellip;]<\/p>\n","protected":false},"author":1,"featured_media":4546,"comment_status":"closed","ping_status":"closed","sticky":false,"template":"","format":"standard","meta":{"footnotes":""},"categories":[1,3],"tags":[],"class_list":["post-4544","post","type-post","status-publish","format-standard","has-post-thumbnail","hentry","category-noticias","category-defensa-de-los-derechos-del-usuario-consumidor-contribuyentes"],"_links":{"self":[{"href":"https:\/\/defensoriaformosa.gob.ar\/index.php?rest_route=\/wp\/v2\/posts\/4544","targetHints":{"allow":["GET"]}}],"collection":[{"href":"https:\/\/defensoriaformosa.gob.ar\/index.php?rest_route=\/wp\/v2\/posts"}],"about":[{"href":"https:\/\/defensoriaformosa.gob.ar\/index.php?rest_route=\/wp\/v2\/types\/post"}],"author":[{"embeddable":true,"href":"https:\/\/defensoriaformosa.gob.ar\/index.php?rest_route=\/wp\/v2\/users\/1"}],"replies":[{"embeddable":true,"href":"https:\/\/defensoriaformosa.gob.ar\/index.php?rest_route=%2Fwp%2Fv2%2Fcomments&post=4544"}],"version-history":[{"count":1,"href":"https:\/\/defensoriaformosa.gob.ar\/index.php?rest_route=\/wp\/v2\/posts\/4544\/revisions"}],"predecessor-version":[{"id":4547,"href":"https:\/\/defensoriaformosa.gob.ar\/index.php?rest_route=\/wp\/v2\/posts\/4544\/revisions\/4547"}],"wp:featuredmedia":[{"embeddable":true,"href":"https:\/\/defensoriaformosa.gob.ar\/index.php?rest_route=\/wp\/v2\/media\/4546"}],"wp:attachment":[{"href":"https:\/\/defensoriaformosa.gob.ar\/index.php?rest_route=%2Fwp%2Fv2%2Fmedia&parent=4544"}],"wp:term":[{"taxonomy":"category","embeddable":true,"href":"https:\/\/defensoriaformosa.gob.ar\/index.php?rest_route=%2Fwp%2Fv2%2Fcategories&post=4544"},{"taxonomy":"post_tag","embeddable":true,"href":"https:\/\/defensoriaformosa.gob.ar\/index.php?rest_route=%2Fwp%2Fv2%2Ftags&post=4544"}],"curies":[{"name":"wp","href":"https:\/\/api.w.org\/{rel}","templated":true}]}}