{"id":4536,"date":"2017-01-15T22:26:09","date_gmt":"2017-01-16T01:26:09","guid":{"rendered":"http:\/\/2015.defensoriaformosa.gob.ar\/?p=4536"},"modified":"2017-01-15T22:26:09","modified_gmt":"2017-01-16T01:26:09","slug":"investigacion-de-la-defensoria","status":"publish","type":"post","link":"https:\/\/defensoriaformosa.gob.ar\/?p=4536","title":{"rendered":"INVESTIGACI\u00d3N DE LA DEFENSOR\u00cdA"},"content":{"rendered":"<p><strong>La ENACOM constat\u00f3 que la antena de Carrefour no emite ondas da\u00f1inas a la salud resta analizar la seguridad de la misma.<\/strong><\/p>\n<p><!--more--><\/p>\n<p>La semana pasada, la Direcci\u00f3n de Ambiente y Desarrollo Sustentable de la Defensor\u00eda del Pueblo, remiti\u00f3 una solicitud de \u201curgente intervenci\u00f3n\u201d a la Delegada del Ente Nacional de Comunicaciones (ENACOM), Lic. Paulina Ferrero, a ra\u00edz de una denuncia interpuesta por el Presidente de la Sociedad Rural de Formosa, Dr. Roberto Oscar Consolani, en la cual hac\u00eda referencia al hecho de la instalaci\u00f3n de una de antena, por parte de la Empresa INC S.A. (Carrefour), estructura que se emplaz\u00f3 contigua al edificio sede de la Sociedad Rural de Formosa, el cual se halla al lado del local comercial que Carrefour posee en la Av. Gutnisky y Polic\u00eda de Territorios Nacionales, de esta capital, preocupaci\u00f3n de Consolani se centraba en dos cuestiones, primero la posibilidad de da\u00f1os a la salud por emisi\u00f3n de ondas y luego, la seguridad, dado que la estructura posee cierta magnitud.<\/p>\n<p>Frente a la requisitoria formulada por la Defensor\u00eda, la ENACOM, hizo constituir a dos t\u00e9cnicos pertenecientes al Centro de Comprobaci\u00f3n de Emisiones de Posadas (Misiones), Sres. Alfredo Aguirre y Daniel Aguirre quienes, luego de realizar labores materiales inherentes a la verificaci\u00f3n requerida, concluyeron que los valores de onda que emite la referida antena \u00b7no superan los l\u00edmites de m\u00e1xima exposici\u00f3n permitida por la normativa vigente\u201d. Para cumplir con su cometido, los probos utilizaron un Medidor de Radiaci\u00f3n Electromagn\u00e9tica, modelos NBM-550 \u2013 Serie G-0345, equipado con una sonda de medici\u00f3n de 3 MHZ a 18 GHz, Serie G-0102.<\/p>\n<p>De todo lo actuado, se corri\u00f3 traslado en un informe remitido a la Defensor\u00eda del Pueblo, la cual, por intermedio de la Defensora del Pueblo Adjunta, Sylvina Portillo adelant\u00f3 que: \u201cMediante la labor de los agentes del ENACOM, una de las dudas del Sr. Presidente de la Sociedad Rural, ya estaba zanjada. Resta ahora determinar, lo relativo a la seguridad o no de la estructura en s\u00ed, labor para la cual, esperamos contar con la participaci\u00f3n de las autoridades de la Municipalidad, en su caso la Subsecretar\u00eda de Obras Privadas, de la comuna capitalina a quien vamos a convocar al efecto\u201d.-<\/p>\n<figure id=\"attachment_4537\" aria-describedby=\"caption-attachment-4537\" style=\"width: 300px\" class=\"wp-caption aligncenter\"><img loading=\"lazy\" decoding=\"async\" class=\"wp-image-4537 size-full\" src=\"https:\/\/2015.defensoriaformosa.gob.ar\/wp-content\/uploads\/2017\/01\/sociedad-rural.jpg\" width=\"300\" height=\"225\" \/><figcaption id=\"caption-attachment-4537\" class=\"wp-caption-text\">El Edificio de Carrefour se halla contiguo al de la Sociedad Rural de Formosa.<\/figcaption><\/figure>\n","protected":false},"excerpt":{"rendered":"<p>La ENACOM constat\u00f3 que la antena de Carrefour no emite ondas da\u00f1inas a la salud resta analizar la seguridad de la misma.<\/p>\n","protected":false},"author":1,"featured_media":0,"comment_status":"closed","ping_status":"closed","sticky":false,"template":"","format":"standard","meta":{"footnotes":""},"categories":[5,1,6],"tags":[],"class_list":["post-4536","post","type-post","status-publish","format-standard","hentry","category-ambiente-y-desarrollo-sustentable","category-noticias","category-salud"],"_links":{"self":[{"href":"https:\/\/defensoriaformosa.gob.ar\/index.php?rest_route=\/wp\/v2\/posts\/4536","targetHints":{"allow":["GET"]}}],"collection":[{"href":"https:\/\/defensoriaformosa.gob.ar\/index.php?rest_route=\/wp\/v2\/posts"}],"about":[{"href":"https:\/\/defensoriaformosa.gob.ar\/index.php?rest_route=\/wp\/v2\/types\/post"}],"author":[{"embeddable":true,"href":"https:\/\/defensoriaformosa.gob.ar\/index.php?rest_route=\/wp\/v2\/users\/1"}],"replies":[{"embeddable":true,"href":"https:\/\/defensoriaformosa.gob.ar\/index.php?rest_route=%2Fwp%2Fv2%2Fcomments&post=4536"}],"version-history":[{"count":1,"href":"https:\/\/defensoriaformosa.gob.ar\/index.php?rest_route=\/wp\/v2\/posts\/4536\/revisions"}],"predecessor-version":[{"id":4538,"href":"https:\/\/defensoriaformosa.gob.ar\/index.php?rest_route=\/wp\/v2\/posts\/4536\/revisions\/4538"}],"wp:attachment":[{"href":"https:\/\/defensoriaformosa.gob.ar\/index.php?rest_route=%2Fwp%2Fv2%2Fmedia&parent=4536"}],"wp:term":[{"taxonomy":"category","embeddable":true,"href":"https:\/\/defensoriaformosa.gob.ar\/index.php?rest_route=%2Fwp%2Fv2%2Fcategories&post=4536"},{"taxonomy":"post_tag","embeddable":true,"href":"https:\/\/defensoriaformosa.gob.ar\/index.php?rest_route=%2Fwp%2Fv2%2Ftags&post=4536"}],"curies":[{"name":"wp","href":"https:\/\/api.w.org\/{rel}","templated":true}]}}