{"id":4533,"date":"2017-01-13T20:17:12","date_gmt":"2017-01-13T23:17:12","guid":{"rendered":"http:\/\/2015.defensoriaformosa.gob.ar\/?p=4533"},"modified":"2017-01-13T20:17:12","modified_gmt":"2017-01-13T23:17:12","slug":"baja-tension-en-la-nueva-formosa","status":"publish","type":"post","link":"https:\/\/defensoriaformosa.gob.ar\/?p=4533","title":{"rendered":"BAJA TENSI\u00d3N EN LA NUEVA FORMOSA"},"content":{"rendered":"<p><strong>La Defensor\u00eda traslad\u00f3 a REFSA el reclamo de los vecinos.<\/strong><\/p>\n<p><!--more--><\/p>\n<p>La Direcci\u00f3n de Defensa de los Usuarios y Consumidores de la Defensor\u00eda del Pueblo, remiti\u00f3 una actuaci\u00f3n a la Empresa de Servicios El\u00e9ctricos de Formosa (REFSA) mediante la cual, traslad\u00f3 a la Distribuidora de Energ\u00eda, el reclamo de los vecinos de la Nueva Formosa, quienes manifiestan que la electricidad llega a bajos niveles de tensi\u00f3n, en determinadas horas del d\u00eda. La circunstancia enunciada, expresaron, causa diversos inconvenientes a los vecinos de la citada barriada, quienes remarcaron al Organismo de la Constituci\u00f3n que las escalas descienden a los 130 kV, lo cual hace muy dif\u00edcil el encender los equipos de refrigeraci\u00f3n, tan importantes para paliar las inclemencias de la estaci\u00f3n estival en la ciudad.<\/p>\n<p>Desde la Defensor\u00eda, adelantaron que el nivel de respuesta de REFSA es positivo, as\u00ed que esperan una respuesta a la brevedad la cual, seguramente, se centrar\u00e1 en determinar cual es la zona espec\u00edfica en la que se registran los citados inconvenientes y poder efectuar, de ser necesario, las acciones materiales que sean menester para superar el inconveniente, que es la manera en que se viene trabajando con la empresa, pr\u00e1cticamente desde su conformaci\u00f3n. Por tal motivo, el Organismo de la Constituci\u00f3n, puso a disposici\u00f3n de quienes deseen sumarse a los vecinos que ya han efectuado sus reclamos, las l\u00edneas 3704\/4436379\/4436320, en las que, de lunes a viernes, de 8 a 13 hs. podr\u00e1n aportar la ubicaci\u00f3n de los hogares afectados y as\u00ed coadyuvar a superar la situaci\u00f3n enunciada.-<\/p>\n","protected":false},"excerpt":{"rendered":"<p>La Defensor\u00eda traslad\u00f3 a REFSA el reclamo de los vecinos.<\/p>\n","protected":false},"author":1,"featured_media":4534,"comment_status":"closed","ping_status":"closed","sticky":false,"template":"","format":"standard","meta":{"footnotes":""},"categories":[1],"tags":[],"class_list":["post-4533","post","type-post","status-publish","format-standard","has-post-thumbnail","hentry","category-noticias"],"_links":{"self":[{"href":"https:\/\/defensoriaformosa.gob.ar\/index.php?rest_route=\/wp\/v2\/posts\/4533","targetHints":{"allow":["GET"]}}],"collection":[{"href":"https:\/\/defensoriaformosa.gob.ar\/index.php?rest_route=\/wp\/v2\/posts"}],"about":[{"href":"https:\/\/defensoriaformosa.gob.ar\/index.php?rest_route=\/wp\/v2\/types\/post"}],"author":[{"embeddable":true,"href":"https:\/\/defensoriaformosa.gob.ar\/index.php?rest_route=\/wp\/v2\/users\/1"}],"replies":[{"embeddable":true,"href":"https:\/\/defensoriaformosa.gob.ar\/index.php?rest_route=%2Fwp%2Fv2%2Fcomments&post=4533"}],"version-history":[{"count":1,"href":"https:\/\/defensoriaformosa.gob.ar\/index.php?rest_route=\/wp\/v2\/posts\/4533\/revisions"}],"predecessor-version":[{"id":4535,"href":"https:\/\/defensoriaformosa.gob.ar\/index.php?rest_route=\/wp\/v2\/posts\/4533\/revisions\/4535"}],"wp:featuredmedia":[{"embeddable":true,"href":"https:\/\/defensoriaformosa.gob.ar\/index.php?rest_route=\/wp\/v2\/media\/4534"}],"wp:attachment":[{"href":"https:\/\/defensoriaformosa.gob.ar\/index.php?rest_route=%2Fwp%2Fv2%2Fmedia&parent=4533"}],"wp:term":[{"taxonomy":"category","embeddable":true,"href":"https:\/\/defensoriaformosa.gob.ar\/index.php?rest_route=%2Fwp%2Fv2%2Fcategories&post=4533"},{"taxonomy":"post_tag","embeddable":true,"href":"https:\/\/defensoriaformosa.gob.ar\/index.php?rest_route=%2Fwp%2Fv2%2Ftags&post=4533"}],"curies":[{"name":"wp","href":"https:\/\/api.w.org\/{rel}","templated":true}]}}