{"id":4522,"date":"2017-01-12T19:48:20","date_gmt":"2017-01-12T22:48:20","guid":{"rendered":"http:\/\/2015.defensoriaformosa.gob.ar\/?p=4522"},"modified":"2017-01-12T19:48:20","modified_gmt":"2017-01-12T22:48:20","slug":"comienzo-de-ano-con-aumentos-en-diversos-bienes-y-servicios","status":"publish","type":"post","link":"https:\/\/defensoriaformosa.gob.ar\/?p=4522","title":{"rendered":"COMIENZO DE A\u00d1O CON AUMENTOS EN DIVERSOS BIENES Y SERVICIOS"},"content":{"rendered":"<p><strong>Desde la Defensor\u00eda sostienen que es marcada la tendencia hacia una liberaci\u00f3n del mercado la continuar\u00e1 perjudicando a usuarios y consumidores.<\/strong><\/p>\n<p><!--more--><\/p>\n<p>As\u00ed lo destac\u00f3 el Secretario Letrado de la Defensor\u00eda del Pueblo, Jos\u00e9 Porfirio Garc\u00eda, quien remarc\u00f3 que, en general, se est\u00e1 observando una tendencia alcista pronunciada en el costo de bienes y servicios, sin que el Estado Nacional se encuentre presente para equilibrar la relaci\u00f3n de consumo poni\u00e9ndose del lado de la parte m\u00e1s d\u00e9bil, que no es otro que el usuario y el consumidor.<\/p>\n<p>El funcionario remarco que en 2016 los combustibles se incrementaron 31% y desde el 8 de \u00e9ste subieron 8% m\u00e1s, en abril volver\u00e1n a aumentar, conforme a anuncios del Ministerio de Energ\u00eda y Miner\u00eda. Las empresas de medicina prepaga fueron autorizadas por el Ministerio de Salud de la Naci\u00f3n a aplicar un nuevo incremento de hasta el 6% en sus cuotas, a partir del 1 de febrero pr\u00f3ximo. Una inflaci\u00f3n superior al 40 % hizo que el consumo cerrara el a\u00f1o anterior con una ca\u00edda del 8%, a causa de la p\u00e9rdida del poder adquisitivo por la devaluaci\u00f3n de la moneda. Las ca\u00eddas anuales m\u00e1s pronunciadas ocurrieron en Electrodom\u00e9sticos y art\u00edculos electr\u00f3nicos 15,2%, Ferreter\u00edas 14,1%, Materiales para la construcci\u00f3n 11,9%, Textil e indumentaria 11,9%, Bazar y regalos 11,4%, Materiales el\u00e9ctricos 10,8%, y Textil-Blanco 10,7%. Incluso los rubros peque\u00f1os y de bajo valor fueron afectados como bazares y regaler\u00edas que tuvieron un derrumbe anual de 11,4%; bijouterie que cay\u00f3 9,6% y<\/p>\n<p>golosinas donde la venta descendi\u00f3 8,2% anual. En calzados, las cantidades vendidas volvieron a caer 7,5% anual, y Alimentos y bebidas bajaron 2,9%. Se estima que el rubro educaci\u00f3n sufrir\u00e1 aumentos de un 20 % en el inicio del ciclo lectivo 2017. Para los servicios de energ\u00eda y provisi\u00f3n de agua potable se proyectan incrementos en el primer trimestre de \u00e9ste a\u00f1o, que var\u00edan entre el 22% y el 89%.<\/p>\n<p>Garc\u00eda destac\u00f3 que desde la Defensor\u00eda como Organismo de Defensa de los Derechos Colectivos e Intereses Difusos de los Consumidores y Usuarios, en general, se formulan instancias permanentes a los diversos estamentos con competencia, del Estado Nacional, para que se pongan por delante de los acontecimientos y desplieguen pol\u00edticas p\u00fablicas que protejan el salario de los trabajadores, frente al avance de la especulaci\u00f3n de los grandes sectores privados empresarios.<\/p>\n<figure id=\"attachment_3398\" aria-describedby=\"caption-attachment-3398\" style=\"width: 480px\" class=\"wp-caption aligncenter\"><img loading=\"lazy\" decoding=\"async\" class=\"wp-image-3398 size-full\" src=\"https:\/\/2015.defensoriaformosa.gob.ar\/wp-content\/uploads\/2016\/06\/Reuni\u00f3n-del-Defensor-del-Pueblo-de-Formosa-con-el-Ministro-de-Energ\u00eda-de-Naci\u00f3n-Ing.-Juan-Jos\u00e9-Aranguren.jpg\" width=\"480\" height=\"360\" srcset=\"https:\/\/defensoriaformosa.gob.ar\/wp-content\/uploads\/2016\/06\/Reuni\u00f3n-del-Defensor-del-Pueblo-de-Formosa-con-el-Ministro-de-Energ\u00eda-de-Naci\u00f3n-Ing.-Juan-Jos\u00e9-Aranguren.jpg 480w, https:\/\/defensoriaformosa.gob.ar\/wp-content\/uploads\/2016\/06\/Reuni\u00f3n-del-Defensor-del-Pueblo-de-Formosa-con-el-Ministro-de-Energ\u00eda-de-Naci\u00f3n-Ing.-Juan-Jos\u00e9-Aranguren-300x225.jpg 300w\" sizes=\"auto, (max-width: 480px) 100vw, 480px\" \/><figcaption id=\"caption-attachment-3398\" class=\"wp-caption-text\">En la foto reuni\u00f3n del Defensor del Pueblo y el Secretario Letrado, JOS\u00c9 PORFIRIO GARCIA con el Ministro Juan Jos\u00e9 Aranguren inmediatamente despu\u00e9s del tarifazo de Feb 2016, en \u00e9ste Feb. se prev\u00e9 otro.-<\/figcaption><\/figure>\n<p>&nbsp;<\/p>\n<p>&nbsp;<\/p>\n","protected":false},"excerpt":{"rendered":"<p>Desde la Defensor\u00eda sostienen que es marcada la tendencia hacia una liberaci\u00f3n del mercado la continuar\u00e1 perjudicando a usuarios y consumidores.<\/p>\n","protected":false},"author":1,"featured_media":3398,"comment_status":"closed","ping_status":"closed","sticky":false,"template":"","format":"standard","meta":{"footnotes":""},"categories":[1,3],"tags":[],"class_list":["post-4522","post","type-post","status-publish","format-standard","has-post-thumbnail","hentry","category-noticias","category-defensa-de-los-derechos-del-usuario-consumidor-contribuyentes"],"_links":{"self":[{"href":"https:\/\/defensoriaformosa.gob.ar\/index.php?rest_route=\/wp\/v2\/posts\/4522","targetHints":{"allow":["GET"]}}],"collection":[{"href":"https:\/\/defensoriaformosa.gob.ar\/index.php?rest_route=\/wp\/v2\/posts"}],"about":[{"href":"https:\/\/defensoriaformosa.gob.ar\/index.php?rest_route=\/wp\/v2\/types\/post"}],"author":[{"embeddable":true,"href":"https:\/\/defensoriaformosa.gob.ar\/index.php?rest_route=\/wp\/v2\/users\/1"}],"replies":[{"embeddable":true,"href":"https:\/\/defensoriaformosa.gob.ar\/index.php?rest_route=%2Fwp%2Fv2%2Fcomments&post=4522"}],"version-history":[{"count":1,"href":"https:\/\/defensoriaformosa.gob.ar\/index.php?rest_route=\/wp\/v2\/posts\/4522\/revisions"}],"predecessor-version":[{"id":4523,"href":"https:\/\/defensoriaformosa.gob.ar\/index.php?rest_route=\/wp\/v2\/posts\/4522\/revisions\/4523"}],"wp:featuredmedia":[{"embeddable":true,"href":"https:\/\/defensoriaformosa.gob.ar\/index.php?rest_route=\/wp\/v2\/media\/3398"}],"wp:attachment":[{"href":"https:\/\/defensoriaformosa.gob.ar\/index.php?rest_route=%2Fwp%2Fv2%2Fmedia&parent=4522"}],"wp:term":[{"taxonomy":"category","embeddable":true,"href":"https:\/\/defensoriaformosa.gob.ar\/index.php?rest_route=%2Fwp%2Fv2%2Fcategories&post=4522"},{"taxonomy":"post_tag","embeddable":true,"href":"https:\/\/defensoriaformosa.gob.ar\/index.php?rest_route=%2Fwp%2Fv2%2Ftags&post=4522"}],"curies":[{"name":"wp","href":"https:\/\/api.w.org\/{rel}","templated":true}]}}