{"id":4518,"date":"2017-01-11T22:23:40","date_gmt":"2017-01-12T01:23:40","guid":{"rendered":"http:\/\/2015.defensoriaformosa.gob.ar\/?p=4518"},"modified":"2017-01-11T22:23:40","modified_gmt":"2017-01-12T01:23:40","slug":"respuesta-del-pami-formosa-a-la-defensoria","status":"publish","type":"post","link":"https:\/\/defensoriaformosa.gob.ar\/?p=4518","title":{"rendered":"RESPUESTA DEL PAMI-FORMOSA A LA DEFENSOR\u00cdA"},"content":{"rendered":"<p><strong>Se habilitar\u00e1n v\u00edas de excepci\u00f3n para el otorgamiento y renovaci\u00f3n de subsidiados para medicamentos al 100 %.<\/strong><\/p>\n<p><!--more--><\/p>\n<p>La Defensor\u00eda del Pueblo recibi\u00f3 una respuesta formal a la instancia realizada al PAMI, por la cual se solicit\u00f3 la revisi\u00f3n de la medida adoptada por el servicio social que nuclea a la mayor cantidad de jubilados y pensionados del pa\u00eds, mediante la cual se limitar\u00e1 el acceso de medicamentos gratuitos a determinadas franjas de afiliados, como ser aquellos que perciben hasta un haber y medio previsional por mes; quienes posean autos de menos de diez a\u00f1os y las personas que est\u00e9n asociadas a servicios de medicina prepaga, resultando que la determinaci\u00f3n adoptada podr\u00eda llevar a situaciones de \u201cabandono\u201d de aquellos beneficiarios que carecen de recurso alguno para adquirir medicamentos dada su condici\u00f3n socioecon\u00f3mica particular, como es el caso de los que son \u00fanicos sostenes de familia; pacientes con patolog\u00edas tratadas con f\u00e1rmacos importados, o los que simplemente no reciben la cobertura por parte de la prepaga que tienen contratada.<\/p>\n<p>En \u00e9ste sentido, el Director Ejecutivo Local del PAMI CPN Diego Ram\u00f3n Dos Santos, comunic\u00f3 formalmente a la Defensor\u00eda que los cambios de par\u00e1metros y sistemas de control entrar\u00e1n en vigencia, invariablemente, el pr\u00f3ximo 26 de enero del corriente a\u00f1o, no obstante lo cual la cobertura del 100 % en medicamentos especiales, que es el caso de los pacientes oncol\u00f3gicos, con HIV, insulinas, etc. se mantendr\u00e1. Para los dem\u00e1s afiliados, que a partir de la fecha indicada perder\u00e1n el beneficio, se habilitar\u00e1n v\u00edas de excepci\u00f3n para la renovaci\u00f3n y otorgamientos de nuevos subsidios, previo control m\u00e9dico y social del PAMI.<\/p>\n<p>Sobre este particular, la Defensora del Pueblo Adjunta, Dra. Sylvina Portillo, volvi\u00f3 a cargar sobre la decisi\u00f3n adoptada por la Direcci\u00f3n Ejecutiva Central del PAMI, expresando: \u201cEntendemos que la medida no fue ordenada por la Direcci\u00f3n Local, lo que no podemos entender es \u00bfC\u00f3mo no se previ\u00f3 que un gran n\u00famero de personas quedar\u00e1 virtualmente fuera del beneficio de medicamentos gratuitos, siendo que actualmente no pueden hacerse cargo de los mismos y hasta ahora los ven\u00edan recibiendo sin cargo con evidente incidencia positiva en el tratamiento de sus enfermedades, haci\u00e9ndose posible el tan mentado acceso a la salud que les debe garantizar el Estado Nacional, en \u00e9ste caso. Entendemos que los fines de la Disposici\u00f3n que criticamos pueden ser loables pues, aparentemente, pretende corregir aquellos casos en los que el caudal econ\u00f3mico del afiliado le permita afrontar por s\u00ed solo el costo de los medicamentos. Pero, con tal fundamento, no puede excluirse autom\u00e1ticamente a un franja de millones de beneficiarios que ser\u00e1n afectados. Est\u00e1 bien, habilitar\u00e1n v\u00edas de excepci\u00f3n para que los mismos accedan a los medicamentos gratuitos. Es por ello que sugerimos que, desde ahora, los alcanzados por la medida, comiencen a efectuar sus presentaciones las cuales acompa\u00f1aremos. Esto no deja de significar la p\u00e9rdida de un Derecho Adquirido, amparado por Garant\u00edas Constitucionales por parte de quienes, por ahora, cuentan con la cobertura \u00edntegra de sus medicamentos, por lo que no descartamos que algunos afiliados opten por acudir a la Justicia Federal. Como expresara recientemente, finaliz\u00f3 diciendo la funcionaria, la mentada revisi\u00f3n para evitar abusos podr\u00eda haberse realizado de otra manera.-\u201d<\/p>\n","protected":false},"excerpt":{"rendered":"<p>Se habilitar\u00e1n v\u00edas de excepci\u00f3n para el otorgamiento y renovaci\u00f3n de subsidiados para medicamentos al 100 %.<\/p>\n","protected":false},"author":1,"featured_media":4519,"comment_status":"closed","ping_status":"closed","sticky":false,"template":"","format":"standard","meta":{"footnotes":""},"categories":[4,1,6],"tags":[],"class_list":["post-4518","post","type-post","status-publish","format-standard","has-post-thumbnail","hentry","category-ddhh","category-noticias","category-salud"],"_links":{"self":[{"href":"https:\/\/defensoriaformosa.gob.ar\/index.php?rest_route=\/wp\/v2\/posts\/4518","targetHints":{"allow":["GET"]}}],"collection":[{"href":"https:\/\/defensoriaformosa.gob.ar\/index.php?rest_route=\/wp\/v2\/posts"}],"about":[{"href":"https:\/\/defensoriaformosa.gob.ar\/index.php?rest_route=\/wp\/v2\/types\/post"}],"author":[{"embeddable":true,"href":"https:\/\/defensoriaformosa.gob.ar\/index.php?rest_route=\/wp\/v2\/users\/1"}],"replies":[{"embeddable":true,"href":"https:\/\/defensoriaformosa.gob.ar\/index.php?rest_route=%2Fwp%2Fv2%2Fcomments&post=4518"}],"version-history":[{"count":1,"href":"https:\/\/defensoriaformosa.gob.ar\/index.php?rest_route=\/wp\/v2\/posts\/4518\/revisions"}],"predecessor-version":[{"id":4520,"href":"https:\/\/defensoriaformosa.gob.ar\/index.php?rest_route=\/wp\/v2\/posts\/4518\/revisions\/4520"}],"wp:featuredmedia":[{"embeddable":true,"href":"https:\/\/defensoriaformosa.gob.ar\/index.php?rest_route=\/wp\/v2\/media\/4519"}],"wp:attachment":[{"href":"https:\/\/defensoriaformosa.gob.ar\/index.php?rest_route=%2Fwp%2Fv2%2Fmedia&parent=4518"}],"wp:term":[{"taxonomy":"category","embeddable":true,"href":"https:\/\/defensoriaformosa.gob.ar\/index.php?rest_route=%2Fwp%2Fv2%2Fcategories&post=4518"},{"taxonomy":"post_tag","embeddable":true,"href":"https:\/\/defensoriaformosa.gob.ar\/index.php?rest_route=%2Fwp%2Fv2%2Ftags&post=4518"}],"curies":[{"name":"wp","href":"https:\/\/api.w.org\/{rel}","templated":true}]}}