{"id":4515,"date":"2017-01-10T19:56:25","date_gmt":"2017-01-10T22:56:25","guid":{"rendered":"http:\/\/2015.defensoriaformosa.gob.ar\/?p=4515"},"modified":"2017-01-11T00:58:45","modified_gmt":"2017-01-11T03:58:45","slug":"johan-la-intervencion-quirurgica-fue-un-exito-y-la-defensoria-insistira-ante-ospaga-para-la-cobertura-de-gastos-aun-no-reconocidos","status":"publish","type":"post","link":"https:\/\/defensoriaformosa.gob.ar\/?p=4515","title":{"rendered":"JOHAN: La intervenci\u00f3n quir\u00fargica fue un \u00e9xito y la Defensor\u00eda insistir\u00e1 ante OSPAGA para la cobertura de gastos a\u00fan no reconocidos"},"content":{"rendered":"<p><strong>Desde la Direcci\u00f3n de Salud y Vivienda de la Defensor\u00eda del Pueblo de la Provincia, la cual formul\u00f3 la instancia ante la Obra Social del Personal de Aguas Gaseosas y Afines (OSPAGA), para que cubra la atenci\u00f3n sanitaria Johann S\u00e1nchez Liva, recibieron con suma satisfacci\u00f3n la noticia de que el ni\u00f1o fue exitosamente operado, \u00e9ste lunes, en el Hospital de Ni\u00f1os Dr. Ricardo Guti\u00e9rrez, de la Ciudad de Buenos Aires, lo cual implica que podr\u00e1 mejorar su calidad de vida. Efectivamente, como lo orden\u00f3 la Superintendencia de Servicios de Salud de la Naci\u00f3n, tras el requerimiento de la Defensor\u00eda, OSPAGA se hizo cargo de las pr\u00f3tesis y medicamentos.<\/strong><\/p>\n<p><!--more--><\/p>\n<p>Lo que a\u00fan no ha reconocido la prestataria de salud, son las erogaciones referidas a honorarios del profesional m\u00e9dico, estad\u00eda y transporte del ni\u00f1o y su madre. Desde el Organismo de la Constituci\u00f3n, su Secretario Letrado, Jos\u00e9 Porfirio Garc\u00eda, mantuvo una comunicaci\u00f3n con Andrea Liva, madre de Johann, quien agradeci\u00f3 la atenci\u00f3n brindada hasta el momento por la Defensor\u00eda el Organismo Estatal, as\u00ed como la solidaridad de la comunidad formose\u00f1a, la sensibilidad de las empresas privadas y en especial la de los medios de comunicaci\u00f3n que acompa\u00f1aron y acompa\u00f1an la cruzada familiar que, a \u00e9stas alturas, se ha vuelto social. Asimismo, el funcionario adelant\u00f3 que la Direcci\u00f3n de Salud y Vivienda insistir\u00e1 ante OSPAGA para que se haga cargo de los gastos a\u00fan no cubiertos por la Obra Social, para lo cual se aconsej\u00f3 a la se\u00f1ora Liva que se provea de todos los comprobantes de pago de honorarios m\u00e9dicos, hotel, transporte y toda otro que deba efectuar a ra\u00edz del tratamiento de su hijo. El funcionario, remarc\u00f3 finalmente que, si la Obra Social no reconoce dichos gastos ante el requerimiento que le ser\u00e1 formulado, se recurrir\u00e1 nuevamente a la Superintendencia para que la misma ordene tal cobertura.<\/p>\n<figure id=\"attachment_4507\" aria-describedby=\"caption-attachment-4507\" style=\"width: 400px\" class=\"wp-caption aligncenter\"><img loading=\"lazy\" decoding=\"async\" class=\"wp-image-4507 size-full\" src=\"https:\/\/2015.defensoriaformosa.gob.ar\/wp-content\/uploads\/2017\/01\/Johann.jpg\" width=\"400\" height=\"225\" srcset=\"https:\/\/defensoriaformosa.gob.ar\/wp-content\/uploads\/2017\/01\/Johann.jpg 400w, https:\/\/defensoriaformosa.gob.ar\/wp-content\/uploads\/2017\/01\/Johann-300x169.jpg 300w\" sizes=\"auto, (max-width: 400px) 100vw, 400px\" \/><figcaption id=\"caption-attachment-4507\" class=\"wp-caption-text\">LA OPERACI\u00d3N DE JOHANN HA SIDO TODO UN EXITO<\/figcaption><\/figure>\n<p><strong>\u00a0\u00a0<\/strong><strong><br \/>\n<\/strong><\/p>\n<p><strong>\u00a0<\/strong><\/p>\n<p><strong>\u00a0<\/strong><\/p>\n","protected":false},"excerpt":{"rendered":"<p>Desde la Direcci\u00f3n de Salud y Vivienda de la Defensor\u00eda del Pueblo de la Provincia, la cual formul\u00f3 la instancia ante la Obra Social del Personal de Aguas Gaseosas y Afines (OSPAGA), para que cubra la atenci\u00f3n sanitaria Johann S\u00e1nchez Liva, recibieron con suma satisfacci\u00f3n la noticia de que el ni\u00f1o fue exitosamente operado, \u00e9ste [&hellip;]<\/p>\n","protected":false},"author":1,"featured_media":4507,"comment_status":"closed","ping_status":"closed","sticky":false,"template":"","format":"standard","meta":{"footnotes":""},"categories":[4,1,6],"tags":[],"class_list":["post-4515","post","type-post","status-publish","format-standard","has-post-thumbnail","hentry","category-ddhh","category-noticias","category-salud"],"_links":{"self":[{"href":"https:\/\/defensoriaformosa.gob.ar\/index.php?rest_route=\/wp\/v2\/posts\/4515","targetHints":{"allow":["GET"]}}],"collection":[{"href":"https:\/\/defensoriaformosa.gob.ar\/index.php?rest_route=\/wp\/v2\/posts"}],"about":[{"href":"https:\/\/defensoriaformosa.gob.ar\/index.php?rest_route=\/wp\/v2\/types\/post"}],"author":[{"embeddable":true,"href":"https:\/\/defensoriaformosa.gob.ar\/index.php?rest_route=\/wp\/v2\/users\/1"}],"replies":[{"embeddable":true,"href":"https:\/\/defensoriaformosa.gob.ar\/index.php?rest_route=%2Fwp%2Fv2%2Fcomments&post=4515"}],"version-history":[{"count":1,"href":"https:\/\/defensoriaformosa.gob.ar\/index.php?rest_route=\/wp\/v2\/posts\/4515\/revisions"}],"predecessor-version":[{"id":4516,"href":"https:\/\/defensoriaformosa.gob.ar\/index.php?rest_route=\/wp\/v2\/posts\/4515\/revisions\/4516"}],"wp:featuredmedia":[{"embeddable":true,"href":"https:\/\/defensoriaformosa.gob.ar\/index.php?rest_route=\/wp\/v2\/media\/4507"}],"wp:attachment":[{"href":"https:\/\/defensoriaformosa.gob.ar\/index.php?rest_route=%2Fwp%2Fv2%2Fmedia&parent=4515"}],"wp:term":[{"taxonomy":"category","embeddable":true,"href":"https:\/\/defensoriaformosa.gob.ar\/index.php?rest_route=%2Fwp%2Fv2%2Fcategories&post=4515"},{"taxonomy":"post_tag","embeddable":true,"href":"https:\/\/defensoriaformosa.gob.ar\/index.php?rest_route=%2Fwp%2Fv2%2Ftags&post=4515"}],"curies":[{"name":"wp","href":"https:\/\/api.w.org\/{rel}","templated":true}]}}