{"id":4512,"date":"2017-01-09T22:46:50","date_gmt":"2017-01-10T01:46:50","guid":{"rendered":"http:\/\/2015.defensoriaformosa.gob.ar\/?p=4512"},"modified":"2017-01-09T22:46:50","modified_gmt":"2017-01-10T01:46:50","slug":"recortes-en-la-provison-de-medicamentos-del-pami","status":"publish","type":"post","link":"https:\/\/defensoriaformosa.gob.ar\/?p=4512","title":{"rendered":"RECORTES EN LA PROVIS\u00d3N DE MEDICAMENTOS DEL PAMI"},"content":{"rendered":"<p><strong>La Defensor\u00eda afirma que la Salud de la poblaci\u00f3n no puede ser objeto de ajuste y remiti\u00f3 una instancia para que la medida sea revisada.<\/strong><\/p>\n<p><!--more--><\/p>\n<p>Desde la Direcci\u00f3n de Salud y Vivienda de la Defensor\u00eda del Pueblo, fustigaron la decisi\u00f3n del Instituto Nacional de Servicios Sociales para Jubilados y Pensionados (PAMI) de revisar la cobertura del 100 % del precio de los medicamentos en los casos de jubilados que cuenten con servicios de medicina prepaga, que cobren m\u00e1s de un haber previsional y medio y\/o cuenten con autom\u00f3viles de m\u00e1s de 10 a\u00f1os. En este sentido, desde el Organismo de la Constituci\u00f3n, afirmaron categ\u00f3ricamente que \u201cla salud de la poblaci\u00f3n no puede ser objeto de ajuste\u201d y que \u201cla medida, desde un inicio es desacertada, pues comienza con una indiscriminada exclusi\u00f3n\u201d, es decir, todos los jubilados y pensionados afiliados al PAMI, que se encuentren en las categor\u00edas enunciadas, fueron autom\u00e1ticamente sustra\u00eddos del beneficio de medicamentos gratuitos. Cuando, en realidad lo correcto ser\u00eda poner por delante la provisi\u00f3n de los f\u00e1rmacos como regla y, si realmente se deseaba terminar con situaciones injustas de personas de buen pasar econ\u00f3mico que usufruct\u00faan el servicio, lo que deber\u00eda hacerse es separar esos casos particulares mediante las auditor\u00edas que realiza el PAMI las que, como es sabido, son permanentes y sumamente estrictas.<\/p>\n<p>\u201c\u00c9sta medida &#8211; recalc\u00f3 la Defensora del Pueblo Adjunta de la Provincia, Dra. Sylvina Portillo &#8211; puede llevar a injusticias pues, no nos caben dudas que habr\u00e1n beneficiarios del servicio del Instituto que est\u00e1n comprendidos dentro de las hip\u00f3tesis previstas en la Resoluci\u00f3n del Director Ejecutivo del PAMI, Dr. CARLOS JAVIER REGAZZONI que, a pesar de contar con el servicio de una prepaga; o un auto de menos de diez a\u00f1os (que sabemos bien no es un lujo) o que cobren un salario previsional y medio, necesiten de la provisi\u00f3n gratuita de medicamentos, por padecer de m\u00faltiples enfermedades; el costo elevado de los f\u00e1rmacos (en caso de ser importados); ser el sost\u00e9n de su hogar u otras circunstancias para nada contempladas en la norma dictada. Bueno, ahora los afectados deber\u00e1n iniciar largos y burocr\u00e1ticos tr\u00e1mites para ser habilitados nuevamente, mientras, la enfermedad y las necesidades apremiantes no esperan. Vemos una gran improvisaci\u00f3n y una mera finalidad de recorte de gastos en la decisi\u00f3n adoptada por REGAZZONI, finaliz\u00f3 diciendo la funcionaria.<\/p>\n<p>Es por ello que, en el d\u00eda de ayer, por intermedio de la Delegaci\u00f3n Formosa del PAMI, cuyo titular es el CPN Diego Dos Santos, remitimos una instancia para que el Instituto recuerde su funci\u00f3n de garante de la salubridad p\u00fablica de sectores vulnerables de la poblaci\u00f3n y, en tal sentido, preventivamente, no suspenda la medicaci\u00f3n gratuita a dichas franjas sociales tan sensibles, excepto que medien razones valederas que lo justifiquen, lo que hubiera sido prudente haber previsto en la Resoluci\u00f3n emitida.-<\/p>\n","protected":false},"excerpt":{"rendered":"<p>La Defensor\u00eda afirma que la Salud de la poblaci\u00f3n no puede ser objeto de ajuste y remiti\u00f3 una instancia para que la medida sea revisada.<\/p>\n","protected":false},"author":1,"featured_media":4513,"comment_status":"closed","ping_status":"closed","sticky":false,"template":"","format":"standard","meta":{"footnotes":""},"categories":[1,6],"tags":[],"class_list":["post-4512","post","type-post","status-publish","format-standard","has-post-thumbnail","hentry","category-noticias","category-salud"],"_links":{"self":[{"href":"https:\/\/defensoriaformosa.gob.ar\/index.php?rest_route=\/wp\/v2\/posts\/4512","targetHints":{"allow":["GET"]}}],"collection":[{"href":"https:\/\/defensoriaformosa.gob.ar\/index.php?rest_route=\/wp\/v2\/posts"}],"about":[{"href":"https:\/\/defensoriaformosa.gob.ar\/index.php?rest_route=\/wp\/v2\/types\/post"}],"author":[{"embeddable":true,"href":"https:\/\/defensoriaformosa.gob.ar\/index.php?rest_route=\/wp\/v2\/users\/1"}],"replies":[{"embeddable":true,"href":"https:\/\/defensoriaformosa.gob.ar\/index.php?rest_route=%2Fwp%2Fv2%2Fcomments&post=4512"}],"version-history":[{"count":1,"href":"https:\/\/defensoriaformosa.gob.ar\/index.php?rest_route=\/wp\/v2\/posts\/4512\/revisions"}],"predecessor-version":[{"id":4514,"href":"https:\/\/defensoriaformosa.gob.ar\/index.php?rest_route=\/wp\/v2\/posts\/4512\/revisions\/4514"}],"wp:featuredmedia":[{"embeddable":true,"href":"https:\/\/defensoriaformosa.gob.ar\/index.php?rest_route=\/wp\/v2\/media\/4513"}],"wp:attachment":[{"href":"https:\/\/defensoriaformosa.gob.ar\/index.php?rest_route=%2Fwp%2Fv2%2Fmedia&parent=4512"}],"wp:term":[{"taxonomy":"category","embeddable":true,"href":"https:\/\/defensoriaformosa.gob.ar\/index.php?rest_route=%2Fwp%2Fv2%2Fcategories&post=4512"},{"taxonomy":"post_tag","embeddable":true,"href":"https:\/\/defensoriaformosa.gob.ar\/index.php?rest_route=%2Fwp%2Fv2%2Ftags&post=4512"}],"curies":[{"name":"wp","href":"https:\/\/api.w.org\/{rel}","templated":true}]}}