{"id":4509,"date":"2017-01-07T17:04:26","date_gmt":"2017-01-07T20:04:26","guid":{"rendered":"http:\/\/2015.defensoriaformosa.gob.ar\/?p=4509"},"modified":"2017-01-07T17:04:26","modified_gmt":"2017-01-07T20:04:26","slug":"el-debate-sobre-la-imputabilidad-de-menores-no-debe-pasar-unicamente-por-la-edad-de-los-mismos","status":"publish","type":"post","link":"https:\/\/defensoriaformosa.gob.ar\/?p=4509","title":{"rendered":"EL DEBATE SOBRE LA IMPUTABILIDAD DE MENORES, NO DEBE PASAR \u00daNICAMENTE POR LA EDAD DE LOS MISMOS"},"content":{"rendered":"<p><strong>Como consecuencia del debate que se ha instalado nuevamente sobre la edad de imputabilidad de los menores y en donde el Estado Nacional se propone un R\u00e9gimen Penal Juvenil que incluye disminuir la edad de 16 a 14 a\u00f1os, \u201cdesde la Defensor\u00eda del Pueblo se afirm\u00f3 que en nuestro pa\u00eds se han dado siempre estos debates pero nunca se ha obtenido una salida permanente en el tiempo, y por ello cada vez que un menor de edad se ve involucrado en un delito grave que tiene -fuerte repercusi\u00f3n medi\u00e1tica-, todos volvemos sobre este delicado y especifico tema.<\/strong><\/p>\n<p><!--more--><\/p>\n<p>Desde el Organismo de la Constituci\u00f3n y con todos los antecedentes que se tienen desde hace tiempo, expresaron que analizando todo lo acontecido desde entonces hasta la fecha; en la actualidad consideramos que esta cuesti\u00f3n, &#8211; no es un problema de bajar la edad de imputabilidad, sino de peligrosidad de los menores-; y de definir tambi\u00e9n la edad de imputabilidad seg\u00fan el delito que se comete, porque de eso va a depender la pena a imponer. No es lo mismo que un menor de 14 a\u00f1os cometa un delito simple, que aquel que mata y m\u00e1s a\u00fan bajo los efectos de las drogas. Pues esa persona tenga la edad que tenga, ya no puede estar en libertad, (el ejemplo en nuestro medio es el asesinato de una odont\u00f3loga en pleno centro de nuestra ciudad, entre otros casos resonantes), y as\u00ed tenemos entonces que; el nivel de reinserci\u00f3n social, es mucho m\u00e1s bajo, en aquellos menores que denominamos peligrosos, en relaci\u00f3n a los que han cometido por ejemplo algunas contravenciones o delitos exiguos.<\/p>\n<p>Por ello el Ombudsman Provincial reitero en que este no es un problema de edad, sino que es un problema de peligrosidad y la Sociedad nos est\u00e1 reclamando hace tiempo, Seguridad para las \u201cv\u00edctimas inocentes y para las v\u00edctimas del sistema\u201d, donde tiene que haber para todos una pol\u00edtica integral y no simplista.<\/p>\n<p>Para ello Estado tiene que ocuparse de las victimas del sistema, (mejorar la educaci\u00f3n, bajar los \u00edndices de pobreza e indigencia, lugares de rehabilitaci\u00f3n etc.), y que no se entienda que esto es una justificaci\u00f3n. La realidad nos demuestra que el menor peligroso no puede quedar en libertad; ahora \u00bfqu\u00e9 hacemos con \u00e9l?, eso deber\u00e1 ser analizado y debatido posteriormente ya que la problem\u00e1tica de los menores y el delito, no solo es un problema de derecho de fondo, sino tambi\u00e9n de derecho de forma y tambi\u00e9n de Pol\u00edtica Penitenciaria. Lo urgente y prioritario\u00a0 es satisfacer la fuerte demanda social que existe en este punto, sin medias tintas.<\/p>\n<p>En cuanto a los Pactos Internacionales, donde nuestro Pa\u00eds siempre se adhiere a Convenios de toda indole, sin pensar en las consecuencias internas y futuras que nos producir\u00e1n los mismos; en la tem\u00e1tica de menores y el delito, cada Pa\u00eds tiene una realidad diferente en materia delictiva, por lo tanto para que los Pactos Internacionales o Acuerdos sean realmente operativos, el derecho penal interno, se debe primero adecuar a nuestra realidad nacional y pensamos tambi\u00e9n que\u00a0 se deberian reformar los C\u00f3digos Procesales, puesto que las situaciones de menores, de Provincia de Buenos Aires, por ejemplo, no tiene nada que ver con la de los menores en la Ciudad de Formosa y as\u00ed sucesivamente.<\/p>\n<p><strong><em>\u00a0<\/em><\/strong><\/p>\n","protected":false},"excerpt":{"rendered":"<p>Como consecuencia del debate que se ha instalado nuevamente sobre la edad de imputabilidad de los menores y en donde el Estado Nacional se propone un R\u00e9gimen Penal Juvenil que incluye disminuir la edad de 16 a 14 a\u00f1os, \u201cdesde la Defensor\u00eda del Pueblo se afirm\u00f3 que en nuestro pa\u00eds se han dado siempre estos [&hellip;]<\/p>\n","protected":false},"author":1,"featured_media":4510,"comment_status":"closed","ping_status":"closed","sticky":false,"template":"","format":"standard","meta":{"footnotes":""},"categories":[1],"tags":[],"class_list":["post-4509","post","type-post","status-publish","format-standard","has-post-thumbnail","hentry","category-noticias"],"_links":{"self":[{"href":"https:\/\/defensoriaformosa.gob.ar\/index.php?rest_route=\/wp\/v2\/posts\/4509","targetHints":{"allow":["GET"]}}],"collection":[{"href":"https:\/\/defensoriaformosa.gob.ar\/index.php?rest_route=\/wp\/v2\/posts"}],"about":[{"href":"https:\/\/defensoriaformosa.gob.ar\/index.php?rest_route=\/wp\/v2\/types\/post"}],"author":[{"embeddable":true,"href":"https:\/\/defensoriaformosa.gob.ar\/index.php?rest_route=\/wp\/v2\/users\/1"}],"replies":[{"embeddable":true,"href":"https:\/\/defensoriaformosa.gob.ar\/index.php?rest_route=%2Fwp%2Fv2%2Fcomments&post=4509"}],"version-history":[{"count":1,"href":"https:\/\/defensoriaformosa.gob.ar\/index.php?rest_route=\/wp\/v2\/posts\/4509\/revisions"}],"predecessor-version":[{"id":4511,"href":"https:\/\/defensoriaformosa.gob.ar\/index.php?rest_route=\/wp\/v2\/posts\/4509\/revisions\/4511"}],"wp:featuredmedia":[{"embeddable":true,"href":"https:\/\/defensoriaformosa.gob.ar\/index.php?rest_route=\/wp\/v2\/media\/4510"}],"wp:attachment":[{"href":"https:\/\/defensoriaformosa.gob.ar\/index.php?rest_route=%2Fwp%2Fv2%2Fmedia&parent=4509"}],"wp:term":[{"taxonomy":"category","embeddable":true,"href":"https:\/\/defensoriaformosa.gob.ar\/index.php?rest_route=%2Fwp%2Fv2%2Fcategories&post=4509"},{"taxonomy":"post_tag","embeddable":true,"href":"https:\/\/defensoriaformosa.gob.ar\/index.php?rest_route=%2Fwp%2Fv2%2Ftags&post=4509"}],"curies":[{"name":"wp","href":"https:\/\/api.w.org\/{rel}","templated":true}]}}